{"id":813,"date":"2024-11-25T13:43:12","date_gmt":"2024-11-25T12:43:12","guid":{"rendered":"https:\/\/galeriaszumen.pl\/inspiracje\/?p=813"},"modified":"2024-12-16T11:03:01","modified_gmt":"2024-12-16T10:03:01","slug":"idealna-jadalnia-na-swiateczne-przyjecia-jak-wybrac-stol-i-krzesla-na-duze-spotkania-rodzinne","status":"publish","type":"post","link":"https:\/\/galeriaszumen.pl\/inspiracje\/idealna-jadalnia-na-swiateczne-przyjecia-jak-wybrac-stol-i-krzesla-na-duze-spotkania-rodzinne\/","title":{"rendered":"Idealna jadalnia na \u015bwi\u0105teczne przyj\u0119cia \u2013 jak wybra\u0107 st\u00f3\u0142 i krzes\u0142a na du\u017ce spotkania rodzinne"},"content":{"rendered":"\n<p>\u015awi\u0119ta to czas, kiedy jadalnia staje si\u0119 centralnym punktem domu \u2013 to tutaj zbiera si\u0119 rodzina i przyjaciele, by wsp\u00f3lnie celebrowa\u0107 wa\u017cne chwile przy suto zastawionym stole. Wyb\u00f3r odpowiednich mebli do jadalni, kt\u00f3re zapewni\u0105 komfort wszystkim zebranym go\u015bciom, to klucz do stworzenia idealnej przestrzeni na d\u0142ugie \u015bwi\u0105teczne przyj\u0119cia. St\u00f3\u0142 do jadalni musi by\u0107 nie tylko stylowy, ale i funkcjonalny, a odpowiednie krzes\u0142a zapewni\u0105 wygod\u0119 nawet podczas wielogodzinnych spotka\u0144.<\/p>\n\n\n\n<p>Podpowiadamy, jak wybra\u0107 st\u00f3\u0142 rozk\u0142adany do du\u017cej jadalni, jakie krzes\u0142a warto dopasowa\u0107 do wystroju oraz na co zwr\u00f3ci\u0107 uwag\u0119, aby stworzy\u0107 ciep\u0142e i przytulne miejsce, w kt\u00f3rym ka\u017cdy czuje si\u0119 jak w domu.<\/p>\n\n\n\n<div id=\"ez-toc-container\" class=\"ez-toc-v2_0_59 counter-hierarchy ez-toc-counter ez-toc-grey ez-toc-container-direction\">\n<div class=\"ez-toc-title-container\">\n<p class=\"ez-toc-title \" >Na skr&oacute;ty:<\/p>\n<span class=\"ez-toc-title-toggle\"><a href=\"#\" class=\"ez-toc-pull-right ez-toc-btn ez-toc-btn-xs ez-toc-btn-default ez-toc-toggle\" aria-label=\"Toggle Table of Content\" role=\"button\"><label for=\"item-69f283e430e80\" ><span class=\"\"><span class=\"eztoc-hide\" style=\"display:none;\">Toggle<\/span><span class=\"ez-toc-icon-toggle-span\"><svg style=\"fill: #999;color:#999\" xmlns=\"http:\/\/www.w3.org\/2000\/svg\" class=\"list-377408\" width=\"20px\" height=\"20px\" viewBox=\"0 0 24 24\" fill=\"none\"><path d=\"M6 6H4v2h2V6zm14 0H8v2h12V6zM4 11h2v2H4v-2zm16 0H8v2h12v-2zM4 16h2v2H4v-2zm16 0H8v2h12v-2z\" fill=\"currentColor\"><\/path><\/svg><svg style=\"fill: #999;color:#999\" class=\"arrow-unsorted-368013\" xmlns=\"http:\/\/www.w3.org\/2000\/svg\" width=\"10px\" height=\"10px\" viewBox=\"0 0 24 24\" version=\"1.2\" baseProfile=\"tiny\"><path d=\"M18.2 9.3l-6.2-6.3-6.2 6.3c-.2.2-.3.4-.3.7s.1.5.3.7c.2.2.4.3.7.3h11c.3 0 .5-.1.7-.3.2-.2.3-.5.3-.7s-.1-.5-.3-.7zM5.8 14.7l6.2 6.3 6.2-6.3c.2-.2.3-.5.3-.7s-.1-.5-.3-.7c-.2-.2-.4-.3-.7-.3h-11c-.3 0-.5.1-.7.3-.2.2-.3.5-.3.7s.1.5.3.7z\"\/><\/svg><\/span><\/span><\/label><input aria-label=\"Toggle\" aria-label=\"item-69f283e430e80\"  type=\"checkbox\" id=\"item-69f283e430e80\"><\/a><\/span><\/div>\n<nav><ul class='ez-toc-list ez-toc-list-level-1 ' ><li class='ez-toc-page-1 ez-toc-heading-level-2'><a class=\"ez-toc-link ez-toc-heading-1\" href=\"https:\/\/galeriaszumen.pl\/inspiracje\/idealna-jadalnia-na-swiateczne-przyjecia-jak-wybrac-stol-i-krzesla-na-duze-spotkania-rodzinne\/#Jak_wybrac_stol_do_jadalni_na_swiateczne_spotkania\" title=\"Jak wybra\u0107 st\u00f3\u0142 do jadalni na \u015bwi\u0105teczne spotkania?\">Jak wybra\u0107 st\u00f3\u0142 do jadalni na \u015bwi\u0105teczne spotkania?<\/a><ul class='ez-toc-list-level-3' ><li class='ez-toc-heading-level-3'><a class=\"ez-toc-link ez-toc-heading-2\" href=\"https:\/\/galeriaszumen.pl\/inspiracje\/idealna-jadalnia-na-swiateczne-przyjecia-jak-wybrac-stol-i-krzesla-na-duze-spotkania-rodzinne\/#Stol_prostokatny_%E2%80%93_klasyka_na_duze_przyjecia\" title=\"St\u00f3\u0142 prostok\u0105tny \u2013 klasyka na du\u017ce przyj\u0119cia\">St\u00f3\u0142 prostok\u0105tny \u2013 klasyka na du\u017ce przyj\u0119cia<\/a><\/li><li class='ez-toc-page-1 ez-toc-heading-level-3'><a class=\"ez-toc-link ez-toc-heading-3\" href=\"https:\/\/galeriaszumen.pl\/inspiracje\/idealna-jadalnia-na-swiateczne-przyjecia-jak-wybrac-stol-i-krzesla-na-duze-spotkania-rodzinne\/#Okragly_stol_do_jadalni_%E2%80%93_rozwiazanie_dla_mniejszych_wnetrz\" title=\"Okr\u0105g\u0142y st\u00f3\u0142 do jadalni \u2013 rozwi\u0105zanie dla mniejszych wn\u0119trz\">Okr\u0105g\u0142y st\u00f3\u0142 do jadalni \u2013 rozwi\u0105zanie dla mniejszych wn\u0119trz<\/a><\/li><\/ul><\/li><li class='ez-toc-page-1 ez-toc-heading-level-2'><a class=\"ez-toc-link ez-toc-heading-4\" href=\"https:\/\/galeriaszumen.pl\/inspiracje\/idealna-jadalnia-na-swiateczne-przyjecia-jak-wybrac-stol-i-krzesla-na-duze-spotkania-rodzinne\/#Funkcjonalne_krzesla_do_jadalni_%E2%80%93_wygoda_i_styl_na_swieta\" title=\"Funkcjonalne krzes\u0142a do jadalni \u2013 wygoda i styl na \u015bwi\u0119ta\">Funkcjonalne krzes\u0142a do jadalni \u2013 wygoda i styl na \u015bwi\u0119ta<\/a><ul class='ez-toc-list-level-3' ><li class='ez-toc-heading-level-3'><a class=\"ez-toc-link ez-toc-heading-5\" href=\"https:\/\/galeriaszumen.pl\/inspiracje\/idealna-jadalnia-na-swiateczne-przyjecia-jak-wybrac-stol-i-krzesla-na-duze-spotkania-rodzinne\/#Tapicerowane_krzesla_%E2%80%93_wygoda_podczas_dlugich_posilkow\" title=\"Tapicerowane krzes\u0142a \u2013 wygoda podczas d\u0142ugich posi\u0142k\u00f3w\">Tapicerowane krzes\u0142a \u2013 wygoda podczas d\u0142ugich posi\u0142k\u00f3w<\/a><\/li><li class='ez-toc-page-1 ez-toc-heading-level-3'><a class=\"ez-toc-link ez-toc-heading-6\" href=\"https:\/\/galeriaszumen.pl\/inspiracje\/idealna-jadalnia-na-swiateczne-przyjecia-jak-wybrac-stol-i-krzesla-na-duze-spotkania-rodzinne\/#Drewniane_krzesla_%E2%80%93_klasyka_i_naturalny_styl\" title=\"Drewniane krzes\u0142a \u2013 klasyka i naturalny styl\">Drewniane krzes\u0142a \u2013 klasyka i naturalny styl<\/a><\/li><\/ul><\/li><li class='ez-toc-page-1 ez-toc-heading-level-2'><a class=\"ez-toc-link ez-toc-heading-7\" href=\"https:\/\/galeriaszumen.pl\/inspiracje\/idealna-jadalnia-na-swiateczne-przyjecia-jak-wybrac-stol-i-krzesla-na-duze-spotkania-rodzinne\/#Aranzacja_jadalni_%E2%80%93_jak_dobrac_kolory_i_styl_mebli\" title=\"Aran\u017cacja jadalni \u2013 jak dobra\u0107 kolory i styl mebli?\">Aran\u017cacja jadalni \u2013 jak dobra\u0107 kolory i styl mebli?<\/a><ul class='ez-toc-list-level-3' ><li class='ez-toc-heading-level-3'><a class=\"ez-toc-link ez-toc-heading-8\" href=\"https:\/\/galeriaszumen.pl\/inspiracje\/idealna-jadalnia-na-swiateczne-przyjecia-jak-wybrac-stol-i-krzesla-na-duze-spotkania-rodzinne\/#Kolorystyka_jadalni_%E2%80%93_swiateczny_klimat_w_stonowanych_barwach\" title=\"Kolorystyka jadalni \u2013 \u015bwi\u0105teczny klimat w stonowanych barwach\">Kolorystyka jadalni \u2013 \u015bwi\u0105teczny klimat w stonowanych barwach<\/a><\/li><li class='ez-toc-page-1 ez-toc-heading-level-3'><a class=\"ez-toc-link ez-toc-heading-9\" href=\"https:\/\/galeriaszumen.pl\/inspiracje\/idealna-jadalnia-na-swiateczne-przyjecia-jak-wybrac-stol-i-krzesla-na-duze-spotkania-rodzinne\/#Stylowe_detale_%E2%80%93_jak_dopasowac_dodatki\" title=\"Stylowe detale \u2013 jak dopasowa\u0107 dodatki?\">Stylowe detale \u2013 jak dopasowa\u0107 dodatki?<\/a><\/li><\/ul><\/li><li class='ez-toc-page-1 ez-toc-heading-level-2'><a class=\"ez-toc-link ez-toc-heading-10\" href=\"https:\/\/galeriaszumen.pl\/inspiracje\/idealna-jadalnia-na-swiateczne-przyjecia-jak-wybrac-stol-i-krzesla-na-duze-spotkania-rodzinne\/#Stol_rozkladany_do_jadalni_%E2%80%93_praktyczne_rozwiazanie_na_rodzinne_spotkania\" title=\"St\u00f3\u0142 rozk\u0142adany do jadalni \u2013 praktyczne rozwi\u0105zanie na rodzinne spotkania\">St\u00f3\u0142 rozk\u0142adany do jadalni \u2013 praktyczne rozwi\u0105zanie na rodzinne spotkania<\/a><ul class='ez-toc-list-level-3' ><li class='ez-toc-heading-level-3'><a class=\"ez-toc-link ez-toc-heading-11\" href=\"https:\/\/galeriaszumen.pl\/inspiracje\/idealna-jadalnia-na-swiateczne-przyjecia-jak-wybrac-stol-i-krzesla-na-duze-spotkania-rodzinne\/#Stol_do_jadalni_na_10_osob_%E2%80%93_idealny_wybor_na_duze_przyjecia\" title=\"St\u00f3\u0142 do jadalni na 10 os\u00f3b \u2013 idealny wyb\u00f3r na du\u017ce przyj\u0119cia\">St\u00f3\u0142 do jadalni na 10 os\u00f3b \u2013 idealny wyb\u00f3r na du\u017ce przyj\u0119cia<\/a><\/li><\/ul><\/li><\/ul><\/nav><\/div>\n<h2><span class=\"ez-toc-section\" id=\"Jak_wybrac_stol_do_jadalni_na_swiateczne_spotkania\"><\/span><strong>Jak wybra\u0107 st\u00f3\u0142 do jadalni na \u015bwi\u0105teczne spotkania?<\/strong><strong><\/strong><span class=\"ez-toc-section-end\"><\/span><\/h2>\n\n\n\n<p>Wyb\u00f3r sto\u0142u to pierwsza decyzja, kt\u00f3r\u0105 warto podj\u0105\u0107 przy aran\u017cacji jadalni na du\u017ce spotkania rodzinne. Dobrze dobrany st\u00f3\u0142 do jadalni pomie\u015bci wszystkich go\u015bci, a jednocze\u015bnie idealnie wpisze si\u0119 w stylistyk\u0119 wn\u0119trza, dodaj\u0105c mu elegancji.<\/p>\n\n\n\n<h3><span class=\"ez-toc-section\" id=\"Stol_prostokatny_%E2%80%93_klasyka_na_duze_przyjecia\"><\/span><strong>St\u00f3\u0142 prostok\u0105tny \u2013 klasyka na du\u017ce przyj\u0119cia<\/strong><strong><\/strong><span class=\"ez-toc-section-end\"><\/span><\/h3>\n\n\n\n<p><a href=\"https:\/\/galeriaszumen.pl\/stoly\/59526-435560-nesto-stol-rozkladany-300-420-x-115.html\"><u>St\u00f3\u0142 prostok\u0105tny<\/u><\/a>&nbsp;jest najcz\u0119\u015bciej wybieranym modelem, szczeg\u00f3lnie je\u015bli dysponujemy wi\u0119ksz\u0105 przestrzeni\u0105. Jest funkcjonalny i daje mo\u017cliwo\u015b\u0107 ustawienia go tak, by ka\u017cdy mia\u0142 przy nim miejsce. Prostok\u0105tny st\u00f3\u0142 do jadalni mo\u017ce r\u00f3wnie\u017c mie\u0107 funkcj\u0119 rozk\u0142adania, co jest niezwykle przydatne na specjalne okazje, takie jak \u015bwi\u0105teczne spotkania. Taki model umo\u017cliwia przed\u0142u\u017cenie blatu, tworz\u0105c przestrze\u0144 nawet dla 10 os\u00f3b. Warto zwr\u00f3ci\u0107 uwag\u0119 na blat sto\u0142u \u2013 drewniany blat doda wn\u0119trzu ciep\u0142a i charakteru, a nowoczesne wyko\u0144czenia, jak laminat czy szk\u0142o, nadaj\u0105 ca\u0142o\u015bci wsp\u00f3\u0142czesnego wygl\u0105du.<\/p>\n\n\n\n<figure class=\"wp-block-image size-large\"><img decoding=\"async\" loading=\"lazy\" width=\"1024\" height=\"683\" src=\"https:\/\/galeriaszumen.pl\/inspiracje\/wp-content\/uploads\/2024\/11\/okragly-stol-do-jadalni-na-swieta-1024x683.jpg\" alt=\"Okr\u0105g\u0142y st\u00f3\u0142 do jadalni \" class=\"wp-image-815\" srcset=\"https:\/\/galeriaszumen.pl\/inspiracje\/wp-content\/uploads\/2024\/11\/okragly-stol-do-jadalni-na-swieta-1024x683.jpg 1024w, https:\/\/galeriaszumen.pl\/inspiracje\/wp-content\/uploads\/2024\/11\/okragly-stol-do-jadalni-na-swieta-300x200.jpg 300w, https:\/\/galeriaszumen.pl\/inspiracje\/wp-content\/uploads\/2024\/11\/okragly-stol-do-jadalni-na-swieta-768x512.jpg 768w, https:\/\/galeriaszumen.pl\/inspiracje\/wp-content\/uploads\/2024\/11\/okragly-stol-do-jadalni-na-swieta-450x300.jpg 450w, https:\/\/galeriaszumen.pl\/inspiracje\/wp-content\/uploads\/2024\/11\/okragly-stol-do-jadalni-na-swieta-780x520.jpg 780w\" sizes=\"(max-width: 1024px) 100vw, 1024px\" \/><\/figure>\n\n\n\n<h3><span class=\"ez-toc-section\" id=\"Okragly_stol_do_jadalni_%E2%80%93_rozwiazanie_dla_mniejszych_wnetrz\"><\/span><strong>Okr\u0105g\u0142y st\u00f3\u0142 do jadalni \u2013 rozwi\u0105zanie dla mniejszych wn\u0119trz<\/strong><strong><\/strong><span class=\"ez-toc-section-end\"><\/span><\/h3>\n\n\n\n<p><a href=\"https:\/\/galeriaszumen.pl\/stoly\/27100-344624-moreno-stol-okragly.html\"><u>Okr\u0105g\u0142y st\u00f3\u0142<\/u><\/a>&nbsp;to idealne rozwi\u0105zanie do jadalni, w kt\u00f3rych liczy si\u0119 optymalne zagospodarowanie przestrzeni. Taki kszta\u0142t sto\u0142u sprzyja komunikacji i integracji, co jest szczeg\u00f3lnie wa\u017cne podczas rodzinnych spotka\u0144. Okr\u0105g\u0142y st\u00f3\u0142 zajmuje mniej miejsca, a dzi\u0119ki mo\u017cliwo\u015bci roz\u0142o\u017cenia mo\u017ce pomie\u015bci\u0107 nawet 6 os\u00f3b. St\u00f3\u0142 okr\u0105g\u0142y do jadalni w stylowym wyko\u0144czeniu to nie tylko praktyczny, ale i dekoracyjny element wn\u0119trza.<\/p>\n\n\n\n<figure class=\"wp-block-image size-large\"><img decoding=\"async\" loading=\"lazy\" width=\"1024\" height=\"682\" src=\"https:\/\/galeriaszumen.pl\/inspiracje\/wp-content\/uploads\/2024\/11\/stol-do-jadalni-swieta-1024x682.jpg\" alt=\"Funkcjonalne krzes\u0142a do jadalni\" class=\"wp-image-816\" srcset=\"https:\/\/galeriaszumen.pl\/inspiracje\/wp-content\/uploads\/2024\/11\/stol-do-jadalni-swieta-1024x682.jpg 1024w, https:\/\/galeriaszumen.pl\/inspiracje\/wp-content\/uploads\/2024\/11\/stol-do-jadalni-swieta-300x200.jpg 300w, https:\/\/galeriaszumen.pl\/inspiracje\/wp-content\/uploads\/2024\/11\/stol-do-jadalni-swieta-768x512.jpg 768w, https:\/\/galeriaszumen.pl\/inspiracje\/wp-content\/uploads\/2024\/11\/stol-do-jadalni-swieta-450x300.jpg 450w, https:\/\/galeriaszumen.pl\/inspiracje\/wp-content\/uploads\/2024\/11\/stol-do-jadalni-swieta-780x520.jpg 780w\" sizes=\"(max-width: 1024px) 100vw, 1024px\" \/><\/figure>\n\n\n\n<h2><span class=\"ez-toc-section\" id=\"Funkcjonalne_krzesla_do_jadalni_%E2%80%93_wygoda_i_styl_na_swieta\"><\/span><strong>Funkcjonalne krzes\u0142a do jadalni \u2013 wygoda i styl na \u015bwi\u0119ta<\/strong><strong><\/strong><span class=\"ez-toc-section-end\"><\/span><\/h2>\n\n\n\n<p>Wybieraj\u0105c <a href=\"https:\/\/galeriaszumen.pl\/41-krzesla\"><u>krzes\u0142a do jadalni<\/u><\/a>, warto zwr\u00f3ci\u0107 uwag\u0119 na ich komfort i styl, kt\u00f3re b\u0119d\u0105 dope\u0142nia\u0142y charakter ca\u0142ego wn\u0119trza. \u015awi\u0119ta to czas, kiedy przy stole sp\u0119dzamy d\u0142ugie godziny, dlatego komfortowe krzes\u0142a to absolutna podstawa.<\/p>\n\n\n\n<h3><span class=\"ez-toc-section\" id=\"Tapicerowane_krzesla_%E2%80%93_wygoda_podczas_dlugich_posilkow\"><\/span><strong>Tapicerowane krzes\u0142a \u2013 wygoda podczas d\u0142ugich posi\u0142k\u00f3w<\/strong><strong><\/strong><span class=\"ez-toc-section-end\"><\/span><\/h3>\n\n\n\n<p><a href=\"https:\/\/galeriaszumen.pl\/krzesla\/69968-krzeslo-emilia-bezowe-paski-5713941187789.html\"><u>Tapicerowane krzes\u0142a<\/u><\/a>&nbsp;to doskona\u0142y wyb\u00f3r, je\u015bli zale\u017cy nam na wygodzie. Mi\u0119kkie siedzisko oraz tapicerowane oparcie sprawi\u0105, \u017ce sp\u0119dzanie czasu przy stole stanie si\u0119 prawdziw\u0105 przyjemno\u015bci\u0105. Mo\u017cna wybra\u0107 krzes\u0142a tapicerowane w kolorach dopasowanych do wystroju jadalni \u2013 na przyk\u0142ad stonowane be\u017ce, eleganckie szaro\u015bci lub \u015bwi\u0105teczn\u0105 czerwie\u0144, kt\u00f3ra doda wn\u0119trzu ciep\u0142a. Krzes\u0142a tapicerowane \u015bwietnie sprawdz\u0105 si\u0119 zar\u00f3wno w klasycznych, jak i nowoczesnych aran\u017cacjach jadalni.<\/p>\n\n\n\n<h3><span class=\"ez-toc-section\" id=\"Drewniane_krzesla_%E2%80%93_klasyka_i_naturalny_styl\"><\/span><strong>Drewniane krzes\u0142a \u2013 klasyka i naturalny styl<\/strong><strong><\/strong><span class=\"ez-toc-section-end\"><\/span><\/h3>\n\n\n\n<p>Je\u015bli preferujemy bardziej naturalny styl, drewniane krzes\u0142a to ponadczasowy wyb\u00f3r, kt\u00f3ry sprawdzi si\u0119 w ka\u017cdej jadalni. Wykonane z drewna, takie krzes\u0142a wprowadzaj\u0105 do wn\u0119trza przytulny klimat, a jednocze\u015bnie s\u0105 trwa\u0142e i eleganckie. <a href=\"https:\/\/galeriaszumen.pl\/krzesla\/65553-krzeslo-kennedy-naturalne-drewno-jesion-ekoskora-5900168810631.html\"><u>Drewniane krzes\u0142a<\/u><\/a>&nbsp;z wyprofilowanym oparciem i wygodnym siedziskiem to klasyka, kt\u00f3ra nigdy nie wychodzi z mody, doskonale komponuj\u0105c si\u0119 z drewnianymi sto\u0142ami i komodami.<\/p>\n\n\n\n<h2><span class=\"ez-toc-section\" id=\"Aranzacja_jadalni_%E2%80%93_jak_dobrac_kolory_i_styl_mebli\"><\/span><strong>Aran\u017cacja jadalni \u2013 jak dobra\u0107 kolory i styl mebli?<\/strong><strong><\/strong><span class=\"ez-toc-section-end\"><\/span><\/h2>\n\n\n\n<p>\u015awi\u0119ta to czas, kiedy wystr\u00f3j wn\u0119trza nabiera szczeg\u00f3lnego znaczenia. Wyb\u00f3r stylu i kolorystyki w aran\u017cacji jadalni pomo\u017ce stworzy\u0107 miejsce, w kt\u00f3rym ka\u017cdy z domownik\u00f3w b\u0119dzie si\u0119 czu\u0142 wyj\u0105tkowo.<\/p>\n\n\n\n<h3><span class=\"ez-toc-section\" id=\"Kolorystyka_jadalni_%E2%80%93_swiateczny_klimat_w_stonowanych_barwach\"><\/span><strong>Kolorystyka jadalni \u2013 \u015bwi\u0105teczny klimat w stonowanych barwach<\/strong><strong><\/strong><span class=\"ez-toc-section-end\"><\/span><\/h3>\n\n\n\n<p>Podczas \u015bwi\u0105t jadalnia mo\u017ce zachwyca\u0107 klasycznymi barwami \u2013 czerwie\u0144, ziele\u0144 i z\u0142oto dodadz\u0105 wn\u0119trzu uroku. Je\u015bli jednak preferujesz bardziej stonowane aran\u017cacje, warto postawi\u0107 na uniwersalne kolory, jak biel, szaro\u015b\u0107 czy be\u017c. St\u00f3\u0142 do jadalni w drewnianym wyko\u0144czeniu dobrze komponuje si\u0119 z naturalnymi odcieniami, tworz\u0105c ciep\u0142y i rodzinny klimat.<\/p>\n\n\n\n<h3><span class=\"ez-toc-section\" id=\"Stylowe_detale_%E2%80%93_jak_dopasowac_dodatki\"><\/span><strong>Stylowe detale \u2013 jak dopasowa\u0107 dodatki?<\/strong><strong><\/strong><span class=\"ez-toc-section-end\"><\/span><\/h3>\n\n\n\n<p>Aby jadalnia na \u015bwi\u0119ta by\u0142a nie tylko funkcjonalna, ale i elegancka, warto zwr\u00f3ci\u0107 uwag\u0119 na detale. <a href=\"https:\/\/galeriaszumen.pl\/komody\/49455-396496-cube-szafka-rtv-185-z-intarsja.html\"><u>Komoda w jadalni<\/u><\/a>&nbsp;mo\u017ce pe\u0142ni\u0107 funkcj\u0119 dekoracyjn\u0105, a jednocze\u015bnie by\u0107 miejscem na przechowywanie zastawy czy dodatk\u00f3w. Wygodne krzes\u0142a, \u015bwi\u0105teczne tekstylia na stole oraz dodatki w postaci \u015bwiecznik\u00f3w i stroik\u00f3w podkre\u015bl\u0105 \u015bwi\u0105teczny wystr\u00f3j wn\u0119trza, nadaj\u0105c mu wyj\u0105tkowego klimatu.<\/p>\n\n\n\n<figure class=\"wp-block-image size-large\"><img decoding=\"async\" loading=\"lazy\" width=\"1024\" height=\"1024\" src=\"https:\/\/galeriaszumen.pl\/inspiracje\/wp-content\/uploads\/2024\/11\/funkcjonalne-krzesla-do-jadalni-1024x1024.jpg\" alt=\"St\u00f3\u0142 rozk\u0142adany do jadalni\" class=\"wp-image-817\" srcset=\"https:\/\/galeriaszumen.pl\/inspiracje\/wp-content\/uploads\/2024\/11\/funkcjonalne-krzesla-do-jadalni-1024x1024.jpg 1024w, https:\/\/galeriaszumen.pl\/inspiracje\/wp-content\/uploads\/2024\/11\/funkcjonalne-krzesla-do-jadalni-300x300.jpg 300w, https:\/\/galeriaszumen.pl\/inspiracje\/wp-content\/uploads\/2024\/11\/funkcjonalne-krzesla-do-jadalni-150x150.jpg 150w, https:\/\/galeriaszumen.pl\/inspiracje\/wp-content\/uploads\/2024\/11\/funkcjonalne-krzesla-do-jadalni-768x768.jpg 768w, https:\/\/galeriaszumen.pl\/inspiracje\/wp-content\/uploads\/2024\/11\/funkcjonalne-krzesla-do-jadalni-450x450.jpg 450w, https:\/\/galeriaszumen.pl\/inspiracje\/wp-content\/uploads\/2024\/11\/funkcjonalne-krzesla-do-jadalni-780x780.jpg 780w\" sizes=\"(max-width: 1024px) 100vw, 1024px\" \/><\/figure>\n\n\n\n<h2><span class=\"ez-toc-section\" id=\"Stol_rozkladany_do_jadalni_%E2%80%93_praktyczne_rozwiazanie_na_rodzinne_spotkania\"><\/span><strong>St\u00f3\u0142 rozk\u0142adany do jadalni \u2013 praktyczne rozwi\u0105zanie na rodzinne spotkania<\/strong><strong><\/strong><span class=\"ez-toc-section-end\"><\/span><\/h2>\n\n\n\n<p><a href=\"https:\/\/galeriaszumen.pl\/stoly\/39469-396548-cube-stol-z-intarsja-160-230.html\"><u>St\u00f3\u0142 rozk\u0142adany<\/u><\/a>&nbsp;to doskona\u0142y wyb\u00f3r, je\u015bli zale\u017cy nam na funkcjonalno\u015bci i elastycznym dostosowaniu przestrzeni. Rozk\u0142adane sto\u0142y do jadalni pozwalaj\u0105 na szybkie zwi\u0119kszenie miejsca przy stole, dzi\u0119ki czemu mo\u017cna wygodnie pomie\u015bci\u0107 nawet wi\u0119ksz\u0105 liczb\u0119 go\u015bci. W dni powszednie st\u00f3\u0142 mo\u017cna z\u0142o\u017cy\u0107, oszcz\u0119dzaj\u0105c miejsce, a na \u015bwi\u0119ta \u2013 roz\u0142o\u017cy\u0107, tworz\u0105c przestrze\u0144 na \u015bwi\u0105teczne przysmaki i dekoracje.<\/p>\n\n\n\n<h3><span class=\"ez-toc-section\" id=\"Stol_do_jadalni_na_10_osob_%E2%80%93_idealny_wybor_na_duze_przyjecia\"><\/span><strong>St\u00f3\u0142 do jadalni na 10 os\u00f3b \u2013 idealny wyb\u00f3r na du\u017ce przyj\u0119cia<\/strong><strong><\/strong><span class=\"ez-toc-section-end\"><\/span><\/h3>\n\n\n\n<p>Je\u015bli planujesz cz\u0119sto organizowa\u0107 du\u017ce przyj\u0119cia, <a href=\"https:\/\/galeriaszumen.pl\/stoly\/70290-454475-vero-stol-rozkladany.html\"><u>st\u00f3\u0142 rozk\u0142adany<\/u><\/a>&nbsp;na 10 os\u00f3b b\u0119dzie idealnym rozwi\u0105zaniem. Warto wybra\u0107 model, kt\u00f3ry zapewni stabilno\u015b\u0107, a jego konstrukcja pozwoli na szybkie i \u0142atwe rozk\u0142adanie. W po\u0142\u0105czeniu z wygodnymi krzes\u0142ami stworzy idealne miejsce do wsp\u00f3lnego spo\u017cywania posi\u0142k\u00f3w w wi\u0119kszym gronie.<\/p>\n\n\n\n<p>Wyb\u00f3r sto\u0142u i krzese\u0142 do jadalni to decyzja, kt\u00f3ra mo\u017ce zmieni\u0107 jako\u015b\u0107 wsp\u00f3lnie sp\u0119dzanych chwil. Czas \u015bwi\u0105t to moment, kiedy gromadzimy si\u0119 przy stole z rodzin\u0105 i przyjaci\u00f3\u0142mi, dlatego warto postawi\u0107 na rozwi\u0105zania, kt\u00f3re dodadz\u0105 wn\u0119trzu stylu i zapewni\u0105 wygod\u0119. Okr\u0105g\u0142y st\u00f3\u0142 rozk\u0142adany, eleganckie krzes\u0142a, odpowiednie kolory i tekstylia sprawiaj\u0105, \u017ce wn\u0119trze nabiera wyj\u0105tkowego, \u015bwi\u0105tecznego charakteru.<\/p>\n\n\n\n<p>W ko\u0144cu to w\u0142a\u015bnie przy tym stole b\u0119d\u0105 powstawa\u0107 wspomnienia, o kt\u00f3rych b\u0119dziemy m\u00f3wi\u0107 przez kolejne lata. Wybierzmy meble, kt\u00f3re nie tylko pomieszcz\u0105 wszystkich go\u015bci, ale te\u017c stworz\u0105 ciep\u0142\u0105, zapraszaj\u0105c\u0105 atmosfer\u0119, idealn\u0105 do celebrowania wyj\u0105tkowych chwil.<\/p>\n","protected":false},"excerpt":{"rendered":"<p>\u015awi\u0119ta to czas, kiedy jadalnia staje si\u0119 centralnym punktem domu \u2013 to tutaj zbiera si\u0119 rodzina i przyjaciele, by wsp\u00f3lnie celebrowa\u0107 wa\u017cne chwile przy suto zastawionym stole. Wyb\u00f3r odpowiednich mebli do jadalni, kt\u00f3re zapewni\u0105 komfort wszystkim zebranym go\u015bciom, to klucz do stworzenia idealnej przestrzeni na d\u0142ugie \u015bwi\u0105teczne przyj\u0119cia. St\u00f3\u0142 do jadalni musi by\u0107 nie tylko [&hellip;]<\/p>\n","protected":false},"author":1,"featured_media":814,"comment_status":"closed","ping_status":"closed","sticky":true,"template":"","format":"standard","meta":[],"categories":[7,1],"tags":[],"yoast_head":"<!-- This site is optimized with the Yoast SEO plugin v19.13 - https:\/\/yoast.com\/wordpress\/plugins\/seo\/ -->\n<title>Idealna jadalnia na \u015bwi\u0105teczne przyj\u0119cia \u2013 jak wybra\u0107 st\u00f3\u0142 i krzes\u0142a na du\u017ce spotkania rodzinne<\/title>\n<meta name=\"description\" content=\"Urz\u0105d\u017a idealn\u0105 jadalni\u0119 na \u015bwi\u0105teczne przyj\u0119cia! Sprawd\u017a, jak wybra\u0107 st\u00f3\u0142 i krzes\u0142a, kt\u00f3re pomieszcz\u0105 ca\u0142\u0105 rodzin\u0119 i wprowadz\u0105 nowoczesny styl.\" \/>\n<meta name=\"robots\" content=\"index, follow, max-snippet:-1, max-image-preview:large, max-video-preview:-1\" \/>\n<link rel=\"canonical\" href=\"https:\/\/galeriaszumen.pl\/inspiracje\/idealna-jadalnia-na-swiateczne-przyjecia-jak-wybrac-stol-i-krzesla-na-duze-spotkania-rodzinne\/\" \/>\n<meta property=\"og:locale\" content=\"pl_PL\" \/>\n<meta property=\"og:type\" content=\"article\" \/>\n<meta property=\"og:title\" content=\"Idealna jadalnia na \u015bwi\u0105teczne przyj\u0119cia \u2013 jak wybra\u0107 st\u00f3\u0142 i krzes\u0142a na du\u017ce spotkania rodzinne\" \/>\n<meta property=\"og:description\" content=\"Urz\u0105d\u017a idealn\u0105 jadalni\u0119 na \u015bwi\u0105teczne przyj\u0119cia! Sprawd\u017a, jak wybra\u0107 st\u00f3\u0142 i krzes\u0142a, kt\u00f3re pomieszcz\u0105 ca\u0142\u0105 rodzin\u0119 i wprowadz\u0105 nowoczesny styl.\" \/>\n<meta property=\"og:url\" content=\"https:\/\/galeriaszumen.pl\/inspiracje\/idealna-jadalnia-na-swiateczne-przyjecia-jak-wybrac-stol-i-krzesla-na-duze-spotkania-rodzinne\/\" \/>\n<meta property=\"og:site_name\" content=\"Galeria Szumen\" \/>\n<meta property=\"article:published_time\" content=\"2024-11-25T12:43:12+00:00\" \/>\n<meta property=\"article:modified_time\" content=\"2024-12-16T10:03:01+00:00\" \/>\n<meta property=\"og:image\" content=\"https:\/\/galeriaszumen.pl\/inspiracje\/wp-content\/uploads\/2024\/11\/jadalnia-na-swiateczne-przyjecia.jpg\" \/>\n\t<meta property=\"og:image:width\" content=\"2000\" \/>\n\t<meta property=\"og:image:height\" content=\"1333\" \/>\n\t<meta property=\"og:image:type\" content=\"image\/jpeg\" \/>\n<meta name=\"author\" content=\"Szumen\" \/>\n<meta name=\"twitter:card\" content=\"summary_large_image\" \/>\n<meta name=\"twitter:label1\" content=\"Napisane przez\" \/>\n\t<meta name=\"twitter:data1\" content=\"Szumen\" \/>\n\t<meta name=\"twitter:label2\" content=\"Szacowany czas czytania\" \/>\n\t<meta name=\"twitter:data2\" content=\"6 minut\" \/>\n<script type=\"application\/ld+json\" class=\"yoast-schema-graph\">{\"@context\":\"https:\/\/schema.org\",\"@graph\":[{\"@type\":\"WebPage\",\"@id\":\"https:\/\/galeriaszumen.pl\/inspiracje\/idealna-jadalnia-na-swiateczne-przyjecia-jak-wybrac-stol-i-krzesla-na-duze-spotkania-rodzinne\/\",\"url\":\"https:\/\/galeriaszumen.pl\/inspiracje\/idealna-jadalnia-na-swiateczne-przyjecia-jak-wybrac-stol-i-krzesla-na-duze-spotkania-rodzinne\/\",\"name\":\"Idealna jadalnia na \u015bwi\u0105teczne przyj\u0119cia \u2013 jak wybra\u0107 st\u00f3\u0142 i krzes\u0142a na du\u017ce spotkania rodzinne\",\"isPartOf\":{\"@id\":\"https:\/\/galeriaszumen.pl\/inspiracje\/#website\"},\"datePublished\":\"2024-11-25T12:43:12+00:00\",\"dateModified\":\"2024-12-16T10:03:01+00:00\",\"author\":{\"@id\":\"https:\/\/galeriaszumen.pl\/inspiracje\/#\/schema\/person\/a8076ce74773fc3e41f5984cd4465e14\"},\"description\":\"Urz\u0105d\u017a idealn\u0105 jadalni\u0119 na \u015bwi\u0105teczne przyj\u0119cia! Sprawd\u017a, jak wybra\u0107 st\u00f3\u0142 i krzes\u0142a, kt\u00f3re pomieszcz\u0105 ca\u0142\u0105 rodzin\u0119 i wprowadz\u0105 nowoczesny styl.\",\"breadcrumb\":{\"@id\":\"https:\/\/galeriaszumen.pl\/inspiracje\/idealna-jadalnia-na-swiateczne-przyjecia-jak-wybrac-stol-i-krzesla-na-duze-spotkania-rodzinne\/#breadcrumb\"},\"inLanguage\":\"pl-PL\",\"potentialAction\":[{\"@type\":\"ReadAction\",\"target\":[\"https:\/\/galeriaszumen.pl\/inspiracje\/idealna-jadalnia-na-swiateczne-przyjecia-jak-wybrac-stol-i-krzesla-na-duze-spotkania-rodzinne\/\"]}]},{\"@type\":\"BreadcrumbList\",\"@id\":\"https:\/\/galeriaszumen.pl\/inspiracje\/idealna-jadalnia-na-swiateczne-przyjecia-jak-wybrac-stol-i-krzesla-na-duze-spotkania-rodzinne\/#breadcrumb\",\"itemListElement\":[{\"@type\":\"ListItem\",\"position\":1,\"name\":\"Strona g\u0142\u00f3wna\",\"item\":\"https:\/\/galeriaszumen.pl\/inspiracje\/\"},{\"@type\":\"ListItem\",\"position\":2,\"name\":\"Idealna jadalnia na \u015bwi\u0105teczne przyj\u0119cia \u2013 jak wybra\u0107 st\u00f3\u0142 i krzes\u0142a na du\u017ce spotkania rodzinne\"}]},{\"@type\":\"WebSite\",\"@id\":\"https:\/\/galeriaszumen.pl\/inspiracje\/#website\",\"url\":\"https:\/\/galeriaszumen.pl\/inspiracje\/\",\"name\":\"Galeria Szumen\",\"description\":\"Kolejna witryna oparta na WordPressie\",\"potentialAction\":[{\"@type\":\"SearchAction\",\"target\":{\"@type\":\"EntryPoint\",\"urlTemplate\":\"https:\/\/galeriaszumen.pl\/inspiracje\/?s={search_term_string}\"},\"query-input\":\"required name=search_term_string\"}],\"inLanguage\":\"pl-PL\"},{\"@type\":\"Person\",\"@id\":\"https:\/\/galeriaszumen.pl\/inspiracje\/#\/schema\/person\/a8076ce74773fc3e41f5984cd4465e14\",\"name\":\"Szumen\",\"image\":{\"@type\":\"ImageObject\",\"inLanguage\":\"pl-PL\",\"@id\":\"https:\/\/galeriaszumen.pl\/inspiracje\/#\/schema\/person\/image\/\",\"url\":\"https:\/\/secure.gravatar.com\/avatar\/c2b102fe2161741c69255d6c1e392823?s=96&d=mm&r=g\",\"contentUrl\":\"https:\/\/secure.gravatar.com\/avatar\/c2b102fe2161741c69255d6c1e392823?s=96&d=mm&r=g\",\"caption\":\"Szumen\"},\"sameAs\":[\"https:\/\/galeriaszumen.pl\/inspiracje\"]}]}<\/script>\n<!-- \/ Yoast SEO plugin. -->","yoast_head_json":{"title":"Idealna jadalnia na \u015bwi\u0105teczne przyj\u0119cia \u2013 jak wybra\u0107 st\u00f3\u0142 i krzes\u0142a na du\u017ce spotkania rodzinne","description":"Urz\u0105d\u017a idealn\u0105 jadalni\u0119 na \u015bwi\u0105teczne przyj\u0119cia! Sprawd\u017a, jak wybra\u0107 st\u00f3\u0142 i krzes\u0142a, kt\u00f3re pomieszcz\u0105 ca\u0142\u0105 rodzin\u0119 i wprowadz\u0105 nowoczesny styl.","robots":{"index":"index","follow":"follow","max-snippet":"max-snippet:-1","max-image-preview":"max-image-preview:large","max-video-preview":"max-video-preview:-1"},"canonical":"https:\/\/galeriaszumen.pl\/inspiracje\/idealna-jadalnia-na-swiateczne-przyjecia-jak-wybrac-stol-i-krzesla-na-duze-spotkania-rodzinne\/","og_locale":"pl_PL","og_type":"article","og_title":"Idealna jadalnia na \u015bwi\u0105teczne przyj\u0119cia \u2013 jak wybra\u0107 st\u00f3\u0142 i krzes\u0142a na du\u017ce spotkania rodzinne","og_description":"Urz\u0105d\u017a idealn\u0105 jadalni\u0119 na \u015bwi\u0105teczne przyj\u0119cia! Sprawd\u017a, jak wybra\u0107 st\u00f3\u0142 i krzes\u0142a, kt\u00f3re pomieszcz\u0105 ca\u0142\u0105 rodzin\u0119 i wprowadz\u0105 nowoczesny styl.","og_url":"https:\/\/galeriaszumen.pl\/inspiracje\/idealna-jadalnia-na-swiateczne-przyjecia-jak-wybrac-stol-i-krzesla-na-duze-spotkania-rodzinne\/","og_site_name":"Galeria Szumen","article_published_time":"2024-11-25T12:43:12+00:00","article_modified_time":"2024-12-16T10:03:01+00:00","og_image":[{"width":2000,"height":1333,"url":"https:\/\/galeriaszumen.pl\/inspiracje\/wp-content\/uploads\/2024\/11\/jadalnia-na-swiateczne-przyjecia.jpg","type":"image\/jpeg"}],"author":"Szumen","twitter_card":"summary_large_image","twitter_misc":{"Napisane przez":"Szumen","Szacowany czas czytania":"6 minut"},"schema":{"@context":"https:\/\/schema.org","@graph":[{"@type":"WebPage","@id":"https:\/\/galeriaszumen.pl\/inspiracje\/idealna-jadalnia-na-swiateczne-przyjecia-jak-wybrac-stol-i-krzesla-na-duze-spotkania-rodzinne\/","url":"https:\/\/galeriaszumen.pl\/inspiracje\/idealna-jadalnia-na-swiateczne-przyjecia-jak-wybrac-stol-i-krzesla-na-duze-spotkania-rodzinne\/","name":"Idealna jadalnia na \u015bwi\u0105teczne przyj\u0119cia \u2013 jak wybra\u0107 st\u00f3\u0142 i krzes\u0142a na du\u017ce spotkania rodzinne","isPartOf":{"@id":"https:\/\/galeriaszumen.pl\/inspiracje\/#website"},"datePublished":"2024-11-25T12:43:12+00:00","dateModified":"2024-12-16T10:03:01+00:00","author":{"@id":"https:\/\/galeriaszumen.pl\/inspiracje\/#\/schema\/person\/a8076ce74773fc3e41f5984cd4465e14"},"description":"Urz\u0105d\u017a idealn\u0105 jadalni\u0119 na \u015bwi\u0105teczne przyj\u0119cia! Sprawd\u017a, jak wybra\u0107 st\u00f3\u0142 i krzes\u0142a, kt\u00f3re pomieszcz\u0105 ca\u0142\u0105 rodzin\u0119 i wprowadz\u0105 nowoczesny styl.","breadcrumb":{"@id":"https:\/\/galeriaszumen.pl\/inspiracje\/idealna-jadalnia-na-swiateczne-przyjecia-jak-wybrac-stol-i-krzesla-na-duze-spotkania-rodzinne\/#breadcrumb"},"inLanguage":"pl-PL","potentialAction":[{"@type":"ReadAction","target":["https:\/\/galeriaszumen.pl\/inspiracje\/idealna-jadalnia-na-swiateczne-przyjecia-jak-wybrac-stol-i-krzesla-na-duze-spotkania-rodzinne\/"]}]},{"@type":"BreadcrumbList","@id":"https:\/\/galeriaszumen.pl\/inspiracje\/idealna-jadalnia-na-swiateczne-przyjecia-jak-wybrac-stol-i-krzesla-na-duze-spotkania-rodzinne\/#breadcrumb","itemListElement":[{"@type":"ListItem","position":1,"name":"Strona g\u0142\u00f3wna","item":"https:\/\/galeriaszumen.pl\/inspiracje\/"},{"@type":"ListItem","position":2,"name":"Idealna jadalnia na \u015bwi\u0105teczne przyj\u0119cia \u2013 jak wybra\u0107 st\u00f3\u0142 i krzes\u0142a na du\u017ce spotkania rodzinne"}]},{"@type":"WebSite","@id":"https:\/\/galeriaszumen.pl\/inspiracje\/#website","url":"https:\/\/galeriaszumen.pl\/inspiracje\/","name":"Galeria Szumen","description":"Kolejna witryna oparta na WordPressie","potentialAction":[{"@type":"SearchAction","target":{"@type":"EntryPoint","urlTemplate":"https:\/\/galeriaszumen.pl\/inspiracje\/?s={search_term_string}"},"query-input":"required name=search_term_string"}],"inLanguage":"pl-PL"},{"@type":"Person","@id":"https:\/\/galeriaszumen.pl\/inspiracje\/#\/schema\/person\/a8076ce74773fc3e41f5984cd4465e14","name":"Szumen","image":{"@type":"ImageObject","inLanguage":"pl-PL","@id":"https:\/\/galeriaszumen.pl\/inspiracje\/#\/schema\/person\/image\/","url":"https:\/\/secure.gravatar.com\/avatar\/c2b102fe2161741c69255d6c1e392823?s=96&d=mm&r=g","contentUrl":"https:\/\/secure.gravatar.com\/avatar\/c2b102fe2161741c69255d6c1e392823?s=96&d=mm&r=g","caption":"Szumen"},"sameAs":["https:\/\/galeriaszumen.pl\/inspiracje"]}]}},"_links":{"self":[{"href":"https:\/\/galeriaszumen.pl\/inspiracje\/wp-json\/wp\/v2\/posts\/813"}],"collection":[{"href":"https:\/\/galeriaszumen.pl\/inspiracje\/wp-json\/wp\/v2\/posts"}],"about":[{"href":"https:\/\/galeriaszumen.pl\/inspiracje\/wp-json\/wp\/v2\/types\/post"}],"author":[{"embeddable":true,"href":"https:\/\/galeriaszumen.pl\/inspiracje\/wp-json\/wp\/v2\/users\/1"}],"replies":[{"embeddable":true,"href":"https:\/\/galeriaszumen.pl\/inspiracje\/wp-json\/wp\/v2\/comments?post=813"}],"version-history":[{"count":3,"href":"https:\/\/galeriaszumen.pl\/inspiracje\/wp-json\/wp\/v2\/posts\/813\/revisions"}],"predecessor-version":[{"id":821,"href":"https:\/\/galeriaszumen.pl\/inspiracje\/wp-json\/wp\/v2\/posts\/813\/revisions\/821"}],"wp:featuredmedia":[{"embeddable":true,"href":"https:\/\/galeriaszumen.pl\/inspiracje\/wp-json\/wp\/v2\/media\/814"}],"wp:attachment":[{"href":"https:\/\/galeriaszumen.pl\/inspiracje\/wp-json\/wp\/v2\/media?parent=813"}],"wp:term":[{"taxonomy":"category","embeddable":true,"href":"https:\/\/galeriaszumen.pl\/inspiracje\/wp-json\/wp\/v2\/categories?post=813"},{"taxonomy":"post_tag","embeddable":true,"href":"https:\/\/galeriaszumen.pl\/inspiracje\/wp-json\/wp\/v2\/tags?post=813"}],"curies":[{"name":"wp","href":"https:\/\/api.w.org\/{rel}","templated":true}]}}