{"id":624,"date":"2023-06-22T13:47:47","date_gmt":"2023-06-22T11:47:47","guid":{"rendered":"https:\/\/galeriaszumen.pl\/inspiracje\/?p=624"},"modified":"2023-06-22T13:51:07","modified_gmt":"2023-06-22T11:51:07","slug":"wiklina-i-rattan-we-wnetrzach-naturalne-piekno-ktore-ozywia-przestrzen","status":"publish","type":"post","link":"https:\/\/galeriaszumen.pl\/inspiracje\/wiklina-i-rattan-we-wnetrzach-naturalne-piekno-ktore-ozywia-przestrzen\/","title":{"rendered":"Wiklina i rattan we wn\u0119trzach -Naturalne pi\u0119kno, kt\u00f3re o\u017cywia przestrze\u0144"},"content":{"rendered":"\n<p>W dzisiejszych czasach, coraz wi\u0119cej os\u00f3b poszukuje sposob\u00f3w na wprowadzenie naturalnych i ekologicznych element\u00f3w do swojego wn\u0119trza. Jednym z takich trend\u00f3w jest wykorzystanie wikliny i rattanu jako materia\u0142\u00f3w dekoracyjnych. Zar\u00f3wno wiklina, jak i rattan s\u0105 ro\u015blinnymi w\u0142\u00f3knami, kt\u00f3re znakomicie komponuj\u0105 si\u0119 w r\u00f3\u017cnych aran\u017cacjach. Ich naturalne pi\u0119kno, trwa\u0142o\u015b\u0107 i wszechstronno\u015b\u0107 sprawiaj\u0105, \u017ce staj\u0105 si\u0119 coraz bardziej popularne w projektowaniu wn\u0119trz. W tym artykule przyjrzymy si\u0119, jak mo\u017cna zastosowa\u0107 wiklin\u0119 i rattan we wn\u0119trzach, aby stworzy\u0107 przytuln\u0105, ekologiczn\u0105 przestrze\u0144.<\/p>\n\n\n\n<div id=\"ez-toc-container\" class=\"ez-toc-v2_0_59 counter-hierarchy ez-toc-counter ez-toc-grey ez-toc-container-direction\">\n<div class=\"ez-toc-title-container\">\n<p class=\"ez-toc-title \" >Na skr&oacute;ty:<\/p>\n<span class=\"ez-toc-title-toggle\"><a href=\"#\" class=\"ez-toc-pull-right ez-toc-btn ez-toc-btn-xs ez-toc-btn-default ez-toc-toggle\" aria-label=\"Toggle Table of Content\" role=\"button\"><label for=\"item-69ef8c3a12ca5\" ><span class=\"\"><span class=\"eztoc-hide\" style=\"display:none;\">Toggle<\/span><span class=\"ez-toc-icon-toggle-span\"><svg style=\"fill: #999;color:#999\" xmlns=\"http:\/\/www.w3.org\/2000\/svg\" class=\"list-377408\" width=\"20px\" height=\"20px\" viewBox=\"0 0 24 24\" fill=\"none\"><path d=\"M6 6H4v2h2V6zm14 0H8v2h12V6zM4 11h2v2H4v-2zm16 0H8v2h12v-2zM4 16h2v2H4v-2zm16 0H8v2h12v-2z\" fill=\"currentColor\"><\/path><\/svg><svg style=\"fill: #999;color:#999\" class=\"arrow-unsorted-368013\" xmlns=\"http:\/\/www.w3.org\/2000\/svg\" width=\"10px\" height=\"10px\" viewBox=\"0 0 24 24\" version=\"1.2\" baseProfile=\"tiny\"><path d=\"M18.2 9.3l-6.2-6.3-6.2 6.3c-.2.2-.3.4-.3.7s.1.5.3.7c.2.2.4.3.7.3h11c.3 0 .5-.1.7-.3.2-.2.3-.5.3-.7s-.1-.5-.3-.7zM5.8 14.7l6.2 6.3 6.2-6.3c.2-.2.3-.5.3-.7s-.1-.5-.3-.7c-.2-.2-.4-.3-.7-.3h-11c-.3 0-.5.1-.7.3-.2.2-.3.5-.3.7s.1.5.3.7z\"\/><\/svg><\/span><\/span><\/label><input aria-label=\"Toggle\" aria-label=\"item-69ef8c3a12ca5\"  type=\"checkbox\" id=\"item-69ef8c3a12ca5\"><\/a><\/span><\/div>\n<nav><ul class='ez-toc-list ez-toc-list-level-1 ' ><li class='ez-toc-page-1 ez-toc-heading-level-2'><a class=\"ez-toc-link ez-toc-heading-1\" href=\"https:\/\/galeriaszumen.pl\/inspiracje\/wiklina-i-rattan-we-wnetrzach-naturalne-piekno-ktore-ozywia-przestrzen\/#_Wiklina_i_rattan_%E2%80%93_czym_sa_i_jak_sie_roznia\" title=\"&nbsp;&nbsp;&nbsp;&nbsp;Wiklina i rattan &#8211; czym s\u0105 i jak si\u0119 r\u00f3\u017cni\u0105?\">&nbsp;&nbsp;&nbsp;&nbsp;Wiklina i rattan &#8211; czym s\u0105 i jak si\u0119 r\u00f3\u017cni\u0105?<\/a><\/li><li class='ez-toc-page-1 ez-toc-heading-level-2'><a class=\"ez-toc-link ez-toc-heading-2\" href=\"https:\/\/galeriaszumen.pl\/inspiracje\/wiklina-i-rattan-we-wnetrzach-naturalne-piekno-ktore-ozywia-przestrzen\/#_Zalety_wykorzystania_wikliny_i_rattanu_we_wnetrzach\" title=\"&nbsp;&nbsp;&nbsp;&nbsp;Zalety wykorzystania wikliny i rattanu we wn\u0119trzach\">&nbsp;&nbsp;&nbsp;&nbsp;Zalety wykorzystania wikliny i rattanu we wn\u0119trzach<\/a><\/li><li class='ez-toc-page-1 ez-toc-heading-level-2'><a class=\"ez-toc-link ez-toc-heading-3\" href=\"https:\/\/galeriaszumen.pl\/inspiracje\/wiklina-i-rattan-we-wnetrzach-naturalne-piekno-ktore-ozywia-przestrzen\/#_Meble_z_wikliny_i_rattanu_Ponadczasowy_urok_i_funkcjonalnosc\" title=\"&nbsp;&nbsp;&nbsp;&nbsp;Meble z wikliny i rattanu: Ponadczasowy urok i funkcjonalno\u015b\u0107\">&nbsp;&nbsp;&nbsp;&nbsp;Meble z wikliny i rattanu: Ponadczasowy urok i funkcjonalno\u015b\u0107<\/a><ul class='ez-toc-list-level-3' ><li class='ez-toc-heading-level-3'><a class=\"ez-toc-link ez-toc-heading-4\" href=\"https:\/\/galeriaszumen.pl\/inspiracje\/wiklina-i-rattan-we-wnetrzach-naturalne-piekno-ktore-ozywia-przestrzen\/#_Fotele_i_sofy\" title=\"&nbsp;&nbsp;&nbsp;&nbsp;Fotele i sofy \">&nbsp;&nbsp;&nbsp;&nbsp;Fotele i sofy <\/a><\/li><li class='ez-toc-page-1 ez-toc-heading-level-3'><a class=\"ez-toc-link ez-toc-heading-5\" href=\"https:\/\/galeriaszumen.pl\/inspiracje\/wiklina-i-rattan-we-wnetrzach-naturalne-piekno-ktore-ozywia-przestrzen\/#_Stoly\" title=\"&nbsp;&nbsp;&nbsp;&nbsp;Sto\u0142y \">&nbsp;&nbsp;&nbsp;&nbsp;Sto\u0142y <\/a><\/li><li class='ez-toc-page-1 ez-toc-heading-level-3'><a class=\"ez-toc-link ez-toc-heading-6\" href=\"https:\/\/galeriaszumen.pl\/inspiracje\/wiklina-i-rattan-we-wnetrzach-naturalne-piekno-ktore-ozywia-przestrzen\/#_Lozka\" title=\"&nbsp;&nbsp;&nbsp;&nbsp;\u0141\u00f3\u017cka\">&nbsp;&nbsp;&nbsp;&nbsp;\u0141\u00f3\u017cka<\/a><\/li><li class='ez-toc-page-1 ez-toc-heading-level-3'><a class=\"ez-toc-link ez-toc-heading-7\" href=\"https:\/\/galeriaszumen.pl\/inspiracje\/wiklina-i-rattan-we-wnetrzach-naturalne-piekno-ktore-ozywia-przestrzen\/#_Polki_i_regaly\" title=\"&nbsp;&nbsp;&nbsp;&nbsp;P\u00f3\u0142ki i rega\u0142y \">&nbsp;&nbsp;&nbsp;&nbsp;P\u00f3\u0142ki i rega\u0142y <\/a><\/li><\/ul><\/li><li class='ez-toc-page-1 ez-toc-heading-level-2'><a class=\"ez-toc-link ez-toc-heading-8\" href=\"https:\/\/galeriaszumen.pl\/inspiracje\/wiklina-i-rattan-we-wnetrzach-naturalne-piekno-ktore-ozywia-przestrzen\/#_Dodatki_z_wikliny_i_rattanu_Stylowa_aranzacja_i_harmonia_z_natura\" title=\"&nbsp;&nbsp;&nbsp;&nbsp;Dodatki z wikliny i rattanu: Stylowa aran\u017cacja i harmonia z natur\u0105\">&nbsp;&nbsp;&nbsp;&nbsp;Dodatki z wikliny i rattanu: Stylowa aran\u017cacja i harmonia z natur\u0105<\/a><\/li><li class='ez-toc-page-1 ez-toc-heading-level-2'><a class=\"ez-toc-link ez-toc-heading-9\" href=\"https:\/\/galeriaszumen.pl\/inspiracje\/wiklina-i-rattan-we-wnetrzach-naturalne-piekno-ktore-ozywia-przestrzen\/#_Oswietlenie_z_wikliny_i_rattanu_%E2%80%93_Cieple_i_przyjemne_akcenty\" title=\"&nbsp;&nbsp;&nbsp;&nbsp;O\u015bwietlenie z wikliny i rattanu &#8211; Ciep\u0142e i przyjemne akcenty\">&nbsp;&nbsp;&nbsp;&nbsp;O\u015bwietlenie z wikliny i rattanu &#8211; Ciep\u0142e i przyjemne akcenty<\/a><\/li><li class='ez-toc-page-1 ez-toc-heading-level-2'><a class=\"ez-toc-link ez-toc-heading-10\" href=\"https:\/\/galeriaszumen.pl\/inspiracje\/wiklina-i-rattan-we-wnetrzach-naturalne-piekno-ktore-ozywia-przestrzen\/#_Wiklina_i_rattan_w_lazience_Luksusowy_relaks_w_naturalnym_otoczeniu\" title=\"&nbsp;&nbsp;&nbsp;&nbsp;Wiklina i rattan w \u0142azience: Luksusowy relaks w naturalnym otoczeniu\">&nbsp;&nbsp;&nbsp;&nbsp;Wiklina i rattan w \u0142azience: Luksusowy relaks w naturalnym otoczeniu<\/a><\/li><\/ul><\/nav><\/div>\n<h2><span class=\"ez-toc-section\" id=\"_Wiklina_i_rattan_%E2%80%93_czym_sa_i_jak_sie_roznia\"><\/span><strong>&nbsp;&nbsp;&nbsp;&nbsp;Wiklina i rattan &#8211; czym s\u0105 i jak si\u0119 r\u00f3\u017cni\u0105?<\/strong><strong><\/strong><span class=\"ez-toc-section-end\"><\/span><\/h2>\n\n\n\n<p>Zanim zanurzymy si\u0119 w temacie wykorzystania wikliny i rattanu we wn\u0119trzach, warto dowiedzie\u0107 si\u0119 czym dok\u0142adnie s\u0105 te materia\u0142y i jak si\u0119 od siebie r\u00f3\u017cni\u0105. Zar\u00f3wno wiklina, jak i rattan s\u0105 naturalnymi w\u0142\u00f3knami ro\u015blinnymi, kt\u00f3re zdoby\u0142y popularno\u015b\u0107 w dziedzinie projektowania wn\u0119trz ze wzgl\u0119du na swoje unikalne cechy i pi\u0119kno. Zapoznajmy si\u0119 bli\u017cej ze szczeg\u00f3\u0142ami dotycz\u0105cymi wikliny i rattanu oraz r\u00f3\u017cnicami mi\u0119dzy nimi.<\/p>\n\n\n\n<p>Wiklina jest cienkim i gi\u0119tkim w\u0142\u00f3knem ro\u015blinnym, pochodz\u0105cym z \u0142odyg niekt\u00f3rych gatunk\u00f3w wierzby. Jest to materia\u0142 naturalny, kt\u00f3ry ma d\u0142ug\u0105 histori\u0119 zastosowa\u0144 w produkcji plecionek, koszy, mebli i dekoracji. Wiklina jest elastyczna i wytrzyma\u0142a, co czyni j\u0105 idealn\u0105 do tworzenia r\u00f3\u017cnych form i wzor\u00f3w. Jej naturalna kolorystyka obejmuje odcienie jasnego br\u0105zu, ale mo\u017ce by\u0107 r\u00f3wnie\u017c barwiona na r\u00f3\u017cne kolory, co umo\u017cliwia dopasowanie do r\u00f3\u017cnych styl\u00f3w wn\u0119trzarskich.<\/p>\n\n\n\n<figure class=\"wp-block-image size-large\"><a href=\"https:\/\/galeriaszumen.pl\/lustra\/62759-zestaw-3-luster-rattanowych-lipsi-5902385752879.html\" target=\"_blank\" rel=\"nofollow noreferrer noopener\"><img decoding=\"async\" src=\"https:\/\/media2.galeriaszumen.pl\/170164-large_default\/zestaw-3-luster-rattanowych-lipsi.jpg\" alt=\"\"\/><\/a><\/figure>\n\n\n\n<p>Natomiast rattan to grubsze, ale wci\u0105\u017c elastyczne w\u0142\u00f3kno ro\u015blinne, kt\u00f3re pochodzi z palmy rattanowej. Jest ono bardziej powszechne w krajach tropikalnych i subtropikalnych, gdzie ro\u015bnie wiele gatunk\u00f3w palm rattanowych. Rattan jest znany ze swojej wytrzyma\u0142o\u015bci i elastyczno\u015bci, co czyni go doskona\u0142ym materia\u0142em do produkcji mebli, koszy, latarenek i innych dekoracji. Charakteryzuje si\u0119 naturaln\u0105 kolorystyk\u0105 od jasno\u017c\u00f3\u0142tej do br\u0105zowej, ale jak wiklina, rattan mo\u017ce by\u0107 r\u00f3wnie\u017c barwiony na r\u00f3\u017cne kolory.<\/p>\n\n\n\n<p>Cho\u0107 wiklina i rattan s\u0105 podobnymi materia\u0142ami ro\u015blinnymi, istniej\u0105 pewne r\u00f3\u017cnice mi\u0119dzy nimi. Pierwsza r\u00f3\u017cnica polega na \u017ar\u00f3dle pochodzenia. Wiklina pochodzi z wierzby, podczas gdy rattan z palmy rattanowej. Rattan jest grubszy i mocniejszy ni\u017c wiklina, dlatego jest cz\u0119\u015bciej wykorzystywany do produkcji wi\u0119kszych mebli. Ponadto, wiklina jest bardziej elastyczna i delikatniejsza, dlatego cz\u0119\u015bciej u\u017cywa si\u0119 jej do plecenia koszy i dekoracji.<\/p>\n\n\n\n<h2><span class=\"ez-toc-section\" id=\"_Zalety_wykorzystania_wikliny_i_rattanu_we_wnetrzach\"><\/span><strong>&nbsp;&nbsp;&nbsp;&nbsp;Zalety wykorzystania wikliny i rattanu we wn\u0119trzach<\/strong><strong><\/strong><span class=\"ez-toc-section-end\"><\/span><\/h2>\n\n\n\n<p>Wykorzystanie wikliny i rattanu we wn\u0119trzach ma wiele zalet. Opr\u00f3cz dodania naturalnego pi\u0119kna, te materia\u0142y oferuj\u0105 szereg korzy\u015bci zar\u00f3wno estetycznych, jak i funkcjonalnych. Oto niekt\u00f3re z g\u0142\u00f3wnych zalet wykorzystania wikliny i rattanu we wn\u0119trzach.<\/p>\n\n\n\n<p>&nbsp;&nbsp;&nbsp;&nbsp;<strong>Naturalne pi\u0119kno<\/strong>&nbsp;&#8211; wiklina i rattan maj\u0105 niepowtarzalny urok natury. Ich naturalna struktura, kolorystyka i faktura dodaj\u0105 ciep\u0142a i przytulno\u015bci do ka\u017cdego pomieszczenia. Niezale\u017cnie od stylu dekoracji, wiklina i rattan doskonale komponuj\u0105 si\u0119 zar\u00f3wno ze wystrojem klasycznym, jak i nowoczesnym, dodaj\u0105c mu unikalny i elegancki akcent.<\/p>\n\n\n\n<p><strong>&nbsp;&nbsp;&nbsp;&nbsp;Ekologiczne materia\u0142y<\/strong>&nbsp;&#8211; wiklina i rattan s\u0105 w pe\u0142ni naturalnymi i ekologicznymi materia\u0142ami. Pochodz\u0105 one z odnawialnych \u017ar\u00f3de\u0142 ro\u015blinnych, co czyni je bardziej przyjaznymi dla \u015brodowiska ni\u017c tworzywa sztuczne. Wybieraj\u0105c meble i dekoracje z wikliny i rattanu, mo\u017cemy przyczyni\u0107 si\u0119 do zmniejszenia naszego \u015bladu w\u0119glowego i promowania zr\u00f3wnowa\u017conego stylu \u017cycia.<\/p>\n\n\n\n<p><strong>&nbsp;&nbsp;&nbsp;&nbsp;Trwa\u0142o\u015b\u0107 i wytrzyma\u0142o\u015b\u0107<\/strong>&nbsp;&#8211; wiklina i rattan s\u0105 znane ze swojej trwa\u0142o\u015bci i wytrzyma\u0142o\u015bci. Odpowiednio piel\u0119gnowane meble i przedmioty z tych materia\u0142\u00f3w mog\u0105 s\u0142u\u017cy\u0107 przez wiele lat. Dzi\u0119ki swojej elastyczno\u015bci, mog\u0105 r\u00f3wnie\u017c wytrzyma\u0107 niewielkie obci\u0105\u017cenia i odkszta\u0142cenia, co sprawia, \u017ce s\u0105 idealne do codziennego u\u017cytku.<\/p>\n\n\n\n<p>&nbsp;&nbsp;&nbsp;&nbsp;<strong>Wszechstronno\u015b\u0107 <\/strong>&#8211; &nbsp;wiklina i rattan s\u0105 niezwykle wszechstronne, co oznacza, \u017ce mo\u017cna je wykorzysta\u0107 w r\u00f3\u017cnych obszarach wn\u0119trza. Mog\u0105 by\u0107 stosowane w meblach, takich jak fotele, sto\u0142y, p\u00f3\u0142ki czy \u0142\u00f3\u017cka, jak r\u00f3wnie\u017c w dodatkach, takich jak kosze, lampa wisz\u0105ca czy doniczki. Ponadto, \u0142atwo je dostosowa\u0107 do r\u00f3\u017cnych styl\u00f3w i gust\u00f3w, dzi\u0119ki mo\u017cliwo\u015bci barwienia i formowania tych materia\u0142\u00f3w.<\/p>\n\n\n\n<p><strong>&nbsp;&nbsp;&nbsp;&nbsp;\u0141atwo\u015b\u0107 czyszczenia<\/strong>&#8211; wiklina i rattan s\u0105 r\u00f3wnie\u017c \u0142atwe do utrzymania w czysto\u015bci. Wystarczy regularnie odkurza\u0107 lub przeciera\u0107 wilgotn\u0105 szmatk\u0105, aby usun\u0105\u0107 kurz i zabrudzenia. W przypadku trudniejszych plam, mo\u017cna u\u017cy\u0107 \u0142agodnego detergentu i mi\u0119kkiej szczotki. W por\u00f3wnaniu do niekt\u00f3rych innych materia\u0142\u00f3w, wiklina i rattan s\u0105 \u0142atwe w piel\u0119gnacji i nie wymagaj\u0105 specjalistycznych \u015brodk\u00f3w czyszcz\u0105cych.<\/p>\n\n\n\n<h2><span class=\"ez-toc-section\" id=\"_Meble_z_wikliny_i_rattanu_Ponadczasowy_urok_i_funkcjonalnosc\"><\/span><strong>&nbsp;&nbsp;&nbsp;&nbsp;Meble z wikliny i rattanu: Ponadczasowy urok i funkcjonalno\u015b\u0107<\/strong><strong><\/strong><span class=\"ez-toc-section-end\"><\/span><\/h2>\n\n\n\n<p>Meble z wikliny i rattanu s\u0105 nie tylko estetyczne, ale tak\u017ce funkcjonalne. Ich ponadczasowy urok i naturalny wdzi\u0119k sprawiaj\u0105, \u017ce s\u0105 popularnym wyborem w projektowaniu wn\u0119trz. W tym punkcie przyjrzymy si\u0119 bli\u017cej meblom z wikliny i rattanu oraz ich cechom, kt\u00f3re czyni\u0105 je wyj\u0105tkowymi.<\/p>\n\n\n\n<p>Meble z rattanu i wikliny s\u0105 wszechstronne i mog\u0105 by\u0107 odpowiednie do r\u00f3\u017cnych wn\u0119trz w zale\u017cno\u015bci od preferencji i stylu dekoracji. Oto kilka popularnych rodzaj\u00f3w mebli z ratanu i wikliny oraz powody, dla kt\u00f3rych mog\u0105 by\u0107 odpowiednie do wn\u0119trz.<\/p>\n\n\n\n<h3><span class=\"ez-toc-section\" id=\"_Fotele_i_sofy\"><\/span><strong>&nbsp;&nbsp;&nbsp;&nbsp;Fotele i sofy <\/strong><strong><\/strong><span class=\"ez-toc-section-end\"><\/span><\/h3>\n\n\n\n<p><a href=\"https:\/\/galeriaszumen.pl\/27-fotele\">Fotele<\/a> i sofy z rattanu lub wikliny to doskona\u0142y wyb\u00f3r do salonu, pokoju dziennego lub werandy. Ich naturalne materia\u0142y i delikatne plecionki tworz\u0105 przytuln\u0105 atmosfer\u0119 i zapewniaj\u0105 wygodne miejsce do relaksu i odpoczynku.<\/p>\n\n\n\n<h3><span class=\"ez-toc-section\" id=\"_Stoly\"><\/span><strong>&nbsp;&nbsp;&nbsp;&nbsp;Sto\u0142y <\/strong><strong><\/strong><span class=\"ez-toc-section-end\"><\/span><\/h3>\n\n\n\n<p><a href=\"https:\/\/galeriaszumen.pl\/40-stoly\">Sto\u0142y<\/a> z rattanu lub wikliny mog\u0105 s\u0142u\u017cy\u0107 jako jadalnie, stoliki kawowe lub stoliki boczne. Ich lekko\u015b\u0107 i naturalny wygl\u0105d dodaj\u0105 uroku przestrzeni, a jednocze\u015bnie oferuj\u0105 praktyczne miejsce do spo\u017cywania posi\u0142k\u00f3w lub wyeksponowania dekoracji.<\/p>\n\n\n\n<figure class=\"wp-block-image size-large\"><a href=\"https:\/\/galeriaszumen.pl\/hokery\/65449-krzeslo-barowe-wicky-biale-5900168820142.html\" target=\"_blank\" rel=\"nofollow noreferrer noopener\"><img decoding=\"async\" src=\"https:\/\/media2.galeriaszumen.pl\/185413-large_default\/krzeslo-barowe-wicky-biale.jpg\" alt=\"\"\/><\/a><\/figure>\n\n\n\n<h3><span class=\"ez-toc-section\" id=\"_Lozka\"><\/span><strong>&nbsp;&nbsp;&nbsp;&nbsp;\u0141\u00f3\u017cka<\/strong><strong><\/strong><span class=\"ez-toc-section-end\"><\/span><\/h3>\n\n\n\n<p><a href=\"https:\/\/galeriaszumen.pl\/45-lozka-kontynentalne\">&nbsp;\u0141\u00f3\u017cka<\/a> z rattanu lub wikliny s\u0105 coraz bardziej popularne jako stylowe elementy sypialni. Ich delikatne i romantyczne wzory tworz\u0105 przyjemn\u0105 atmosfer\u0119, a jednocze\u015bnie s\u0105 solidne i trwa\u0142e.<\/p>\n\n\n\n<h3><span class=\"ez-toc-section\" id=\"_Polki_i_regaly\"><\/span><strong>&nbsp;&nbsp;&nbsp;&nbsp;P\u00f3\u0142ki i rega\u0142y <\/strong><strong><\/strong><span class=\"ez-toc-section-end\"><\/span><\/h3>\n\n\n\n<p>P\u00f3\u0142ki i rega\u0142y z rattanu lub wikliny mog\u0105 s\u0142u\u017cy\u0107 do przechowywania ksi\u0105\u017cek, ozd\u00f3b czy bibelot\u00f3w. Ich organiczny wygl\u0105d i otwarta struktura dodaj\u0105 lekko\u015bci i elegancji do pomieszczenia.<\/p>\n\n\n\n<p>Meble z rattanu i wikliny s\u0105 idealne do styl\u00f3w wn\u0119trzarskich, takich jak rustykalny, boho, skandynawski czy pla\u017cowy. Ich naturalne wyko\u0144czenie doskonale wsp\u00f3\u0142gra z naturalnymi materia\u0142ami, takimi jak drewno czy tkaniny lniane. Dodaj\u0105 one tak\u017ce tekstury i warstwy do przestrzeni, co czyni je bardziej interesuj\u0105cymi wizualnie.<\/p>\n\n\n\n<figure class=\"wp-block-image size-large\"><a href=\"https:\/\/galeriaszumen.pl\/stoliki-i-lawy\/67473-stolik-kawowy-capri-5902385794794.html\" target=\"_blank\" rel=\"nofollow noreferrer noopener\"><img decoding=\"async\" src=\"https:\/\/media2.galeriaszumen.pl\/198347-large_default\/stolik-kawowy-capri.jpg\" alt=\"\"\/><\/a><\/figure>\n\n\n\n<h2><span class=\"ez-toc-section\" id=\"_Dodatki_z_wikliny_i_rattanu_Stylowa_aranzacja_i_harmonia_z_natura\"><\/span><strong>&nbsp;&nbsp;&nbsp;&nbsp;Dodatki z wikliny i rattanu: Stylowa aran\u017cacja i harmonia z natur\u0105<\/strong><strong><\/strong><span class=\"ez-toc-section-end\"><\/span><\/h2>\n\n\n\n<p>Dodatki z wikliny i rattanu mog\u0105 doda\u0107 naturalnego uroku i ciep\u0142a do wn\u0119trza. Oto kilka polecanych dodatk\u00f3w, kt\u00f3re \u015bwietnie komponuj\u0105 si\u0119 z tymi materia\u0142ami:<\/p>\n\n\n\n<ul>\n<li>Kosze i pojemniki &#8211; wykorzystaj wiklinowe kosze i pojemniki do przechowywania r\u00f3\u017cnych przedmiot\u00f3w w elegancki spos\u00f3b. Mog\u0105 s\u0142u\u017cy\u0107 jako organizer na biurko, koszyki na drobiazgi w \u0142azience czy stylowe miejsce na drewno kominkowe.<\/li>\n\n\n\n<li>Lustra z wikliny lub rattanu dodadz\u0105 naturalnego akcentu i ciep\u0142a do \u015bciany. Wybierz lustra o plecionych ramach, kt\u00f3re b\u0119d\u0105 pi\u0119knym i funkcjonalnym elementem dekoracyjnym.<\/li>\n\n\n\n<li>Lampy i o\u015bwietlenie- lampy pod\u0142ogowe, wisz\u0105ce lub sto\u0142owe z aba\u017curami z wikliny lub rattanu wprowadz\u0105 przytulne \u015bwiat\u0142o do pomieszczenia. Ich organiczny wygl\u0105d tworzy pi\u0119kne wzory \u015bwietlne na \u015bcianach i suficie.<\/li>\n\n\n\n<li>Wykorzystaj dywany z wikliny lub rattanu, aby doda\u0107 tekstury i warstwy do pod\u0142ogi. Mog\u0105 by\u0107 zar\u00f3wno naturalnego koloru, jak i barwione na r\u00f3\u017cne odcienie, pasuj\u0105ce do stylu wn\u0119trza.<\/li>\n\n\n\n<li>Dodaj do swojej przestrzeni krzes\u0142a lub taborety z wikliny lub rattanu. Mog\u0105 pe\u0142ni\u0107 zar\u00f3wno funkcj\u0119 dekoracyjn\u0105, jak i praktyczn\u0105, jako dodatkowe miejsca do siedzenia.<\/li>\n\n\n\n<li>Wykorzystaj wiklinowe donice lub kosze na ro\u015bliny, aby stworzy\u0107 przytulny k\u0105cik zieleni. Ro\u015bliny w naturalnych koszach dodadz\u0105 \u015bwie\u017co\u015bci i harmonii do pomieszczenia.<\/li>\n\n\n\n<li>Zawie\u015b na \u015bcianie dekoracyjne elementy wykonane z wikliny lub rattanu, takie jak plecione talerze czy wachlarze. B\u0119d\u0105 one oryginalnymi i artystycznymi dodatkami, kt\u00f3re przyci\u0105gn\u0105 uwag\u0119 i nadadz\u0105 wn\u0119trzu unikalnego charakteru.<\/li>\n<\/ul>\n\n\n\n<p>Te dodatki z wikliny i rattanu mog\u0105 by\u0107 u\u017cywane w r\u00f3\u017cnych wn\u0119trzach, od salon\u00f3w i sypialni po \u0142azienki i tarasy. Dodaj\u0105 one naturalnego uroku, tekstury i ciep\u0142a, tworz\u0105c przyjemn\u0105 atmosfer\u0119 we wn\u0119trzu. Pami\u0119taj, \u017ce wa\u017cne jest zachowanie umiaru i r\u00f3wnowagi, aby unikn\u0105\u0107 nadmiaru plecionek i zachowa\u0107 subtelno\u015b\u0107 w dekoracji.<\/p>\n\n\n\n<h2><span class=\"ez-toc-section\" id=\"_Oswietlenie_z_wikliny_i_rattanu_%E2%80%93_Cieple_i_przyjemne_akcenty\"><\/span><strong>&nbsp;&nbsp;&nbsp;&nbsp;O\u015bwietlenie z wikliny i rattanu &#8211; Ciep\u0142e i przyjemne akcenty<\/strong><strong><\/strong><span class=\"ez-toc-section-end\"><\/span><\/h2>\n\n\n\n<p>O\u015bwietlenie i dekoracje z wikliny i rattanu mog\u0105 doda\u0107 naturalnego uroku i przytulno\u015bci do wn\u0119trza domu. Oto kilka propozycji, kt\u00f3re mog\u0105 znale\u017a\u0107 si\u0119 w Twoim wn\u0119trzu:<\/p>\n\n\n\n<p>&nbsp;&nbsp;&nbsp;&nbsp;<strong>Lampa wisz\u0105ca z wikliny<\/strong>. Wybierz stylow\u0105 lamp\u0119 wisz\u0105c\u0105 z aba\u017curem lub konstrukcj\u0105 wykonan\u0105 z wikliny lub rattanu. Mo\u017ce to by\u0107 pojedyncza lampa nad sto\u0142em w jadalni lub grupa lamp wisz\u0105cych tworz\u0105cych efektown\u0105 kompozycj\u0119 w salonie.<\/p>\n\n\n\n<p>&nbsp;&nbsp;&nbsp;&nbsp;<strong>Lampa sto\u0142owa z plecionk\u0105<\/strong>. Dodaj urok i ciep\u0142e \u015bwiat\u0142o do swojego wn\u0119trza za pomoc\u0105 lampy sto\u0142owej z aba\u017curem z wikliny lub rattanu. B\u0119dzie ona idealna jako o\u015bwietlenie na stolik nocny w sypialni lub na konsol\u0119 w holu.<\/p>\n\n\n\n<p>&nbsp;&nbsp;&nbsp;&nbsp;<strong>\u015awiece w wiklinowych pojemnikach<\/strong>. Umie\u015b\u0107 zapachowe \u015bwiece w wiklinowych pojemnikach, kt\u00f3re dodadz\u0105 przyjemnego aromatu i naturalnego elementu do wn\u0119trza. Mo\u017cesz ustawi\u0107 je na p\u00f3\u0142ce, komodzie lub stole, tworz\u0105c romantyczn\u0105 atmosfer\u0119.<\/p>\n\n\n\n<p>&nbsp;&nbsp;&nbsp;&nbsp;<strong>Plecionka na \u017car\u00f3wk\u0119.<\/strong>&nbsp;&nbsp;Zawie\u015b wisiorek na \u017car\u00f3wk\u0119 wykonany z wikliny lub rattanu, kt\u00f3ry nada industrialnego i naturalnego charakteru. Mo\u017cesz go zamontowa\u0107 w kuchni, jadalni lub w salonie, nad sto\u0142em lub wysp\u0105.<\/p>\n\n\n\n<p>O\u015bwietlenie &nbsp;z wikliny i rattanu dodadz\u0105 naturalnego uroku, ciep\u0142a i tekstury do Twojego wn\u0119trza. Mog\u0105 by\u0107 stosowane w r\u00f3\u017cnych pomieszczeniach, od salonu i sypialni po kuchni\u0119 i hol. Pami\u0119taj, \u017ce r\u00f3wnowaga i umiar w u\u017cyciu tych materia\u0142\u00f3w s\u0105 kluczowe, aby zachowa\u0107 subtelno\u015b\u0107 i harmoni\u0119 w dekoracji.<\/p>\n\n\n\n<h2><span class=\"ez-toc-section\" id=\"_Wiklina_i_rattan_w_lazience_Luksusowy_relaks_w_naturalnym_otoczeniu\"><\/span><strong>&nbsp;&nbsp;&nbsp;&nbsp;Wiklina i rattan w \u0142azience: Luksusowy relaks w naturalnym otoczeniu<\/strong><strong><\/strong><span class=\"ez-toc-section-end\"><\/span><\/h2>\n\n\n\n<p>Wiklina i rattan to r\u00f3wnie\u017c doskona\u0142e materia\u0142y do dekoracji \u0142azienki, dodaj\u0105c naturalny i przyjemny akcent do tego pomieszczenia. Oto kilka propozycji, jak wykorzysta\u0107 wiklin\u0119 i rattan w \u0142azience:<\/p>\n\n\n\n<p>&nbsp;&nbsp;&nbsp;&nbsp;<strong>Kosze na pranie.<\/strong>&nbsp;Wybierz wiklinowe kosze na pranie, kt\u00f3re b\u0119d\u0105 zar\u00f3wno praktyczne, jak i stylowe. Mog\u0105 by\u0107 umieszczone na pod\u0142odze lub na p\u00f3\u0142ce, tworz\u0105c porz\u0105dek w \u0142azience.<\/p>\n\n\n\n<p><strong>&nbsp;&nbsp;&nbsp;&nbsp;P\u00f3\u0142ki i rega\u0142y<\/strong>. Zainstaluj p\u00f3\u0142ki lub rega\u0142y z wikliny lub rattanu na \u015bcianach \u0142azienki. B\u0119d\u0105 one doskona\u0142ym miejscem do przechowywania r\u0119cznik\u00f3w, kosmetyk\u00f3w i innych niezb\u0119dnych przedmiot\u00f3w, jednocze\u015bnie dodaj\u0105c naturalnego uroku.<\/p>\n\n\n\n<p><strong>&nbsp;&nbsp;&nbsp;&nbsp;Lustra z plecionk\u0105<\/strong>. Wybierz lustra o ramach z wikliny lub rattanu, kt\u00f3re b\u0119d\u0105 eleganckim dodatkiem do \u0142azienki. Dodadz\u0105 one ciep\u0142a i tekstury do przestrzeni, tworz\u0105c przyjemn\u0105 atmosfer\u0119.<\/p>\n\n\n\n<p><strong>&nbsp;&nbsp;&nbsp;&nbsp;Kosze na akcesoria<\/strong>. U\u017cyj mniejszych wiklinowych koszyk\u00f3w lub pojemnik\u00f3w na akcesoria \u0142azienkowe, takie jak szczoteczki do z\u0119b\u00f3w, myd\u0142a czy g\u0105bki. B\u0119d\u0105 one nie tylko praktyczne, ale tak\u017ce dodadz\u0105 rustykalnego uroku do \u0142azienki.<\/p>\n\n\n\n<p>&nbsp;&nbsp;&nbsp;&nbsp;<strong>Maty \u0142azienkowe<\/strong>. Wybierz maty \u0142azienkowe z wikliny lub rattanu, kt\u00f3re b\u0119d\u0105 mi\u0142e w dotyku i dodadz\u0105 naturalnego akcentu do pod\u0142ogi. Mog\u0105 by\u0107 u\u017cywane przed umywalk\u0105, wann\u0105 czy prysznicem.<\/p>\n\n\n\n<p><strong>&nbsp;&nbsp;&nbsp;&nbsp;Zawieszki na r\u0119czniki<\/strong>. Wykorzystaj wiklinowe lub rattanowe zawieszki na r\u0119czniki, kt\u00f3re b\u0119d\u0105 dope\u0142nieniem ca\u0142ej aran\u017cacji.<\/p>\n\n\n\n<p>&nbsp;&nbsp;&nbsp;&nbsp;<strong>Krzes\u0142a i taborety<\/strong>. Dodaj ma\u0142e krzes\u0142o lub taboret z rattanu do \u0142azienki. B\u0119dzie ono stylowym i funkcjonalnym miejscem, na kt\u00f3rym mo\u017cesz usi\u0105\u015b\u0107 podczas nak\u0142adania makija\u017cu lub wykonywania piel\u0119gnacyjnych rytua\u0142\u00f3w.<\/p>\n\n\n\n<p>&nbsp;&nbsp;&nbsp;&nbsp;<strong>Kwietniki i wisz\u0105ce donice<\/strong>. Umie\u015b\u0107 w \u0142azience wiklinowe kwietniki lub wisz\u0105ce donice z ro\u015blinami. B\u0119d\u0105 one dodatkiem, kt\u00f3ry wprowadzi natur\u0119 i \u015bwie\u017co\u015b\u0107 do przestrzeni, tworz\u0105c relaksuj\u0105cy klimat.<\/p>\n\n\n\n<p>Pami\u0119taj, \u017ce przy wyborze mebli i dodatk\u00f3w z wikliny lub rattanu do \u0142azienki, wa\u017cne jest, aby zabezpieczy\u0107 je przed nadmiernym kontaktem z wod\u0105. Unikaj bezpo\u015bredniego nara\u017cania na wod\u0119 i zapewnij odpowiedni\u0105 wentylacj\u0119, aby utrzyma\u0107 te materia\u0142y w dobrej kondycji.<\/p>\n\n\n\n<p>Wykorzystanie wikliny i rattanu we wn\u0119trzach to doskona\u0142y spos\u00f3b na stworzenie przytulnej i ekologicznej przestrzeni. Zar\u00f3wno meble, jak i dodatki z tych materia\u0142\u00f3w dodaj\u0105 uroku i harmonii ka\u017cdemu pomieszczeniu. Ich naturalne pi\u0119kno, trwa\u0142o\u015b\u0107 i wszechstronno\u015b\u0107 czyni\u0105 je popularnym wyborem w\u015br\u00f3d projektant\u00f3w i mi\u0142o\u015bnik\u00f3w ekologicznego stylu \u017cycia. Bez wzgl\u0119du na to, czy chcesz wprowadzi\u0107 subtelny akcent wikliny, czy stworzy\u0107 ca\u0142kowicie naturalne wn\u0119trze, wiklina i rattan s\u0105 doskona\u0142ymi materia\u0142ami do osi\u0105gni\u0119cia tego efektu. Zdecyduj si\u0119 na wykorzystanie wikliny i rattanu w swoim wn\u0119trzu i odkryj pi\u0119kno, kt\u00f3re o\u017cywi Twoj\u0105 przestrze\u0144 i wprowadzi harmoni\u0119 z natur\u0105.<\/p>\n","protected":false},"excerpt":{"rendered":"<p>W dzisiejszych czasach, coraz wi\u0119cej os\u00f3b poszukuje sposob\u00f3w na wprowadzenie naturalnych i ekologicznych element\u00f3w do swojego wn\u0119trza. Jednym z takich trend\u00f3w jest wykorzystanie wikliny i rattanu jako materia\u0142\u00f3w dekoracyjnych. Zar\u00f3wno wiklina, jak i rattan s\u0105 ro\u015blinnymi w\u0142\u00f3knami, kt\u00f3re znakomicie komponuj\u0105 si\u0119 w r\u00f3\u017cnych aran\u017cacjach. Ich naturalne pi\u0119kno, trwa\u0142o\u015b\u0107 i wszechstronno\u015b\u0107 sprawiaj\u0105, \u017ce staj\u0105 si\u0119 coraz [&hellip;]<\/p>\n","protected":false},"author":1,"featured_media":625,"comment_status":"closed","ping_status":"closed","sticky":true,"template":"","format":"standard","meta":[],"categories":[12,1,8],"tags":[],"yoast_head":"<!-- This site is optimized with the Yoast SEO plugin v19.13 - https:\/\/yoast.com\/wordpress\/plugins\/seo\/ -->\n<title>Wiklina i rattan we wn\u0119trzach -Naturalne pi\u0119kno, kt\u00f3re o\u017cywia przestrze\u0144 - Galeria Szumen<\/title>\n<meta name=\"description\" content=\"Wiklina i rattan - czym s\u0105 i jak si\u0119 r\u00f3\u017cni\u0105? Zanim zanurzymy si\u0119 w temacie wykorzystania wikliny i rattanu we wn\u0119trzach. Sprawd\u017a\" \/>\n<meta name=\"robots\" content=\"index, follow, max-snippet:-1, max-image-preview:large, max-video-preview:-1\" \/>\n<link rel=\"canonical\" href=\"https:\/\/galeriaszumen.pl\/inspiracje\/wiklina-i-rattan-we-wnetrzach-naturalne-piekno-ktore-ozywia-przestrzen\/\" \/>\n<meta property=\"og:locale\" content=\"pl_PL\" \/>\n<meta property=\"og:type\" content=\"article\" \/>\n<meta property=\"og:title\" content=\"Wiklina i rattan we wn\u0119trzach -Naturalne pi\u0119kno, kt\u00f3re o\u017cywia przestrze\u0144 - Galeria Szumen\" \/>\n<meta property=\"og:description\" content=\"Wiklina i rattan - czym s\u0105 i jak si\u0119 r\u00f3\u017cni\u0105? Zanim zanurzymy si\u0119 w temacie wykorzystania wikliny i rattanu we wn\u0119trzach. Sprawd\u017a\" \/>\n<meta property=\"og:url\" content=\"https:\/\/galeriaszumen.pl\/inspiracje\/wiklina-i-rattan-we-wnetrzach-naturalne-piekno-ktore-ozywia-przestrzen\/\" \/>\n<meta property=\"og:site_name\" content=\"Galeria Szumen\" \/>\n<meta property=\"article:published_time\" content=\"2023-06-22T11:47:47+00:00\" \/>\n<meta property=\"article:modified_time\" content=\"2023-06-22T11:51:07+00:00\" \/>\n<meta property=\"og:image\" content=\"https:\/\/galeriaszumen.pl\/inspiracje\/wp-content\/uploads\/2023\/06\/wiklina-i-rattan-we-wnetrzach.jpg\" \/>\n\t<meta property=\"og:image:width\" content=\"2000\" \/>\n\t<meta property=\"og:image:height\" content=\"1358\" \/>\n\t<meta property=\"og:image:type\" content=\"image\/jpeg\" \/>\n<meta name=\"author\" content=\"Szumen\" \/>\n<meta name=\"twitter:card\" content=\"summary_large_image\" \/>\n<meta name=\"twitter:label1\" content=\"Napisane przez\" \/>\n\t<meta name=\"twitter:data1\" content=\"Szumen\" \/>\n\t<meta name=\"twitter:label2\" content=\"Szacowany czas czytania\" \/>\n\t<meta name=\"twitter:data2\" content=\"12 minut\" \/>\n<script type=\"application\/ld+json\" class=\"yoast-schema-graph\">{\"@context\":\"https:\/\/schema.org\",\"@graph\":[{\"@type\":\"WebPage\",\"@id\":\"https:\/\/galeriaszumen.pl\/inspiracje\/wiklina-i-rattan-we-wnetrzach-naturalne-piekno-ktore-ozywia-przestrzen\/\",\"url\":\"https:\/\/galeriaszumen.pl\/inspiracje\/wiklina-i-rattan-we-wnetrzach-naturalne-piekno-ktore-ozywia-przestrzen\/\",\"name\":\"Wiklina i rattan we wn\u0119trzach -Naturalne pi\u0119kno, kt\u00f3re o\u017cywia przestrze\u0144 - Galeria Szumen\",\"isPartOf\":{\"@id\":\"https:\/\/galeriaszumen.pl\/inspiracje\/#website\"},\"datePublished\":\"2023-06-22T11:47:47+00:00\",\"dateModified\":\"2023-06-22T11:51:07+00:00\",\"author\":{\"@id\":\"https:\/\/galeriaszumen.pl\/inspiracje\/#\/schema\/person\/a8076ce74773fc3e41f5984cd4465e14\"},\"description\":\"Wiklina i rattan - czym s\u0105 i jak si\u0119 r\u00f3\u017cni\u0105? Zanim zanurzymy si\u0119 w temacie wykorzystania wikliny i rattanu we wn\u0119trzach. Sprawd\u017a\",\"breadcrumb\":{\"@id\":\"https:\/\/galeriaszumen.pl\/inspiracje\/wiklina-i-rattan-we-wnetrzach-naturalne-piekno-ktore-ozywia-przestrzen\/#breadcrumb\"},\"inLanguage\":\"pl-PL\",\"potentialAction\":[{\"@type\":\"ReadAction\",\"target\":[\"https:\/\/galeriaszumen.pl\/inspiracje\/wiklina-i-rattan-we-wnetrzach-naturalne-piekno-ktore-ozywia-przestrzen\/\"]}]},{\"@type\":\"BreadcrumbList\",\"@id\":\"https:\/\/galeriaszumen.pl\/inspiracje\/wiklina-i-rattan-we-wnetrzach-naturalne-piekno-ktore-ozywia-przestrzen\/#breadcrumb\",\"itemListElement\":[{\"@type\":\"ListItem\",\"position\":1,\"name\":\"Strona g\u0142\u00f3wna\",\"item\":\"https:\/\/galeriaszumen.pl\/inspiracje\/\"},{\"@type\":\"ListItem\",\"position\":2,\"name\":\"Wiklina i rattan we wn\u0119trzach -Naturalne pi\u0119kno, kt\u00f3re o\u017cywia przestrze\u0144\"}]},{\"@type\":\"WebSite\",\"@id\":\"https:\/\/galeriaszumen.pl\/inspiracje\/#website\",\"url\":\"https:\/\/galeriaszumen.pl\/inspiracje\/\",\"name\":\"Galeria Szumen\",\"description\":\"Kolejna witryna oparta na WordPressie\",\"potentialAction\":[{\"@type\":\"SearchAction\",\"target\":{\"@type\":\"EntryPoint\",\"urlTemplate\":\"https:\/\/galeriaszumen.pl\/inspiracje\/?s={search_term_string}\"},\"query-input\":\"required name=search_term_string\"}],\"inLanguage\":\"pl-PL\"},{\"@type\":\"Person\",\"@id\":\"https:\/\/galeriaszumen.pl\/inspiracje\/#\/schema\/person\/a8076ce74773fc3e41f5984cd4465e14\",\"name\":\"Szumen\",\"image\":{\"@type\":\"ImageObject\",\"inLanguage\":\"pl-PL\",\"@id\":\"https:\/\/galeriaszumen.pl\/inspiracje\/#\/schema\/person\/image\/\",\"url\":\"https:\/\/secure.gravatar.com\/avatar\/c2b102fe2161741c69255d6c1e392823?s=96&d=mm&r=g\",\"contentUrl\":\"https:\/\/secure.gravatar.com\/avatar\/c2b102fe2161741c69255d6c1e392823?s=96&d=mm&r=g\",\"caption\":\"Szumen\"},\"sameAs\":[\"https:\/\/galeriaszumen.pl\/inspiracje\"]}]}<\/script>\n<!-- \/ Yoast SEO plugin. -->","yoast_head_json":{"title":"Wiklina i rattan we wn\u0119trzach -Naturalne pi\u0119kno, kt\u00f3re o\u017cywia przestrze\u0144 - Galeria Szumen","description":"Wiklina i rattan - czym s\u0105 i jak si\u0119 r\u00f3\u017cni\u0105? Zanim zanurzymy si\u0119 w temacie wykorzystania wikliny i rattanu we wn\u0119trzach. Sprawd\u017a","robots":{"index":"index","follow":"follow","max-snippet":"max-snippet:-1","max-image-preview":"max-image-preview:large","max-video-preview":"max-video-preview:-1"},"canonical":"https:\/\/galeriaszumen.pl\/inspiracje\/wiklina-i-rattan-we-wnetrzach-naturalne-piekno-ktore-ozywia-przestrzen\/","og_locale":"pl_PL","og_type":"article","og_title":"Wiklina i rattan we wn\u0119trzach -Naturalne pi\u0119kno, kt\u00f3re o\u017cywia przestrze\u0144 - Galeria Szumen","og_description":"Wiklina i rattan - czym s\u0105 i jak si\u0119 r\u00f3\u017cni\u0105? Zanim zanurzymy si\u0119 w temacie wykorzystania wikliny i rattanu we wn\u0119trzach. Sprawd\u017a","og_url":"https:\/\/galeriaszumen.pl\/inspiracje\/wiklina-i-rattan-we-wnetrzach-naturalne-piekno-ktore-ozywia-przestrzen\/","og_site_name":"Galeria Szumen","article_published_time":"2023-06-22T11:47:47+00:00","article_modified_time":"2023-06-22T11:51:07+00:00","og_image":[{"width":2000,"height":1358,"url":"https:\/\/galeriaszumen.pl\/inspiracje\/wp-content\/uploads\/2023\/06\/wiklina-i-rattan-we-wnetrzach.jpg","type":"image\/jpeg"}],"author":"Szumen","twitter_card":"summary_large_image","twitter_misc":{"Napisane przez":"Szumen","Szacowany czas czytania":"12 minut"},"schema":{"@context":"https:\/\/schema.org","@graph":[{"@type":"WebPage","@id":"https:\/\/galeriaszumen.pl\/inspiracje\/wiklina-i-rattan-we-wnetrzach-naturalne-piekno-ktore-ozywia-przestrzen\/","url":"https:\/\/galeriaszumen.pl\/inspiracje\/wiklina-i-rattan-we-wnetrzach-naturalne-piekno-ktore-ozywia-przestrzen\/","name":"Wiklina i rattan we wn\u0119trzach -Naturalne pi\u0119kno, kt\u00f3re o\u017cywia przestrze\u0144 - Galeria Szumen","isPartOf":{"@id":"https:\/\/galeriaszumen.pl\/inspiracje\/#website"},"datePublished":"2023-06-22T11:47:47+00:00","dateModified":"2023-06-22T11:51:07+00:00","author":{"@id":"https:\/\/galeriaszumen.pl\/inspiracje\/#\/schema\/person\/a8076ce74773fc3e41f5984cd4465e14"},"description":"Wiklina i rattan - czym s\u0105 i jak si\u0119 r\u00f3\u017cni\u0105? Zanim zanurzymy si\u0119 w temacie wykorzystania wikliny i rattanu we wn\u0119trzach. Sprawd\u017a","breadcrumb":{"@id":"https:\/\/galeriaszumen.pl\/inspiracje\/wiklina-i-rattan-we-wnetrzach-naturalne-piekno-ktore-ozywia-przestrzen\/#breadcrumb"},"inLanguage":"pl-PL","potentialAction":[{"@type":"ReadAction","target":["https:\/\/galeriaszumen.pl\/inspiracje\/wiklina-i-rattan-we-wnetrzach-naturalne-piekno-ktore-ozywia-przestrzen\/"]}]},{"@type":"BreadcrumbList","@id":"https:\/\/galeriaszumen.pl\/inspiracje\/wiklina-i-rattan-we-wnetrzach-naturalne-piekno-ktore-ozywia-przestrzen\/#breadcrumb","itemListElement":[{"@type":"ListItem","position":1,"name":"Strona g\u0142\u00f3wna","item":"https:\/\/galeriaszumen.pl\/inspiracje\/"},{"@type":"ListItem","position":2,"name":"Wiklina i rattan we wn\u0119trzach -Naturalne pi\u0119kno, kt\u00f3re o\u017cywia przestrze\u0144"}]},{"@type":"WebSite","@id":"https:\/\/galeriaszumen.pl\/inspiracje\/#website","url":"https:\/\/galeriaszumen.pl\/inspiracje\/","name":"Galeria Szumen","description":"Kolejna witryna oparta na WordPressie","potentialAction":[{"@type":"SearchAction","target":{"@type":"EntryPoint","urlTemplate":"https:\/\/galeriaszumen.pl\/inspiracje\/?s={search_term_string}"},"query-input":"required name=search_term_string"}],"inLanguage":"pl-PL"},{"@type":"Person","@id":"https:\/\/galeriaszumen.pl\/inspiracje\/#\/schema\/person\/a8076ce74773fc3e41f5984cd4465e14","name":"Szumen","image":{"@type":"ImageObject","inLanguage":"pl-PL","@id":"https:\/\/galeriaszumen.pl\/inspiracje\/#\/schema\/person\/image\/","url":"https:\/\/secure.gravatar.com\/avatar\/c2b102fe2161741c69255d6c1e392823?s=96&d=mm&r=g","contentUrl":"https:\/\/secure.gravatar.com\/avatar\/c2b102fe2161741c69255d6c1e392823?s=96&d=mm&r=g","caption":"Szumen"},"sameAs":["https:\/\/galeriaszumen.pl\/inspiracje"]}]}},"_links":{"self":[{"href":"https:\/\/galeriaszumen.pl\/inspiracje\/wp-json\/wp\/v2\/posts\/624"}],"collection":[{"href":"https:\/\/galeriaszumen.pl\/inspiracje\/wp-json\/wp\/v2\/posts"}],"about":[{"href":"https:\/\/galeriaszumen.pl\/inspiracje\/wp-json\/wp\/v2\/types\/post"}],"author":[{"embeddable":true,"href":"https:\/\/galeriaszumen.pl\/inspiracje\/wp-json\/wp\/v2\/users\/1"}],"replies":[{"embeddable":true,"href":"https:\/\/galeriaszumen.pl\/inspiracje\/wp-json\/wp\/v2\/comments?post=624"}],"version-history":[{"count":2,"href":"https:\/\/galeriaszumen.pl\/inspiracje\/wp-json\/wp\/v2\/posts\/624\/revisions"}],"predecessor-version":[{"id":627,"href":"https:\/\/galeriaszumen.pl\/inspiracje\/wp-json\/wp\/v2\/posts\/624\/revisions\/627"}],"wp:featuredmedia":[{"embeddable":true,"href":"https:\/\/galeriaszumen.pl\/inspiracje\/wp-json\/wp\/v2\/media\/625"}],"wp:attachment":[{"href":"https:\/\/galeriaszumen.pl\/inspiracje\/wp-json\/wp\/v2\/media?parent=624"}],"wp:term":[{"taxonomy":"category","embeddable":true,"href":"https:\/\/galeriaszumen.pl\/inspiracje\/wp-json\/wp\/v2\/categories?post=624"},{"taxonomy":"post_tag","embeddable":true,"href":"https:\/\/galeriaszumen.pl\/inspiracje\/wp-json\/wp\/v2\/tags?post=624"}],"curies":[{"name":"wp","href":"https:\/\/api.w.org\/{rel}","templated":true}]}}