{"id":475,"date":"2022-03-15T14:47:15","date_gmt":"2022-03-15T13:47:15","guid":{"rendered":"https:\/\/galeriaszumen.pl\/inspiracje\/?p=475"},"modified":"2022-12-28T11:11:36","modified_gmt":"2022-12-28T10:11:36","slug":"co-postawic-na-stolik-kawowy","status":"publish","type":"post","link":"https:\/\/galeriaszumen.pl\/inspiracje\/co-postawic-na-stolik-kawowy\/","title":{"rendered":"Co postawi\u0107 na stolik kawowy"},"content":{"rendered":"\n<p>Stolik kawowy znajduje si\u0119 niemal w ka\u017cdym domu, jest nieroz\u0142\u0105czn\u0105 cz\u0119\u015bci\u0105 pokoju dziennego czy salonu. Cz\u0119sto, w ma\u0142ych mieszkaniach, to w\u0142a\u015bnie on tworzy miejsce, przy kt\u00f3rym zasiadamy z przyjaci\u00f3\u0142mi przy fili\u017cance kawy. Czym go \u201eokrasi\u0107\u201d, aby wygl\u0105da\u0142 pi\u0119knie i subtelnie? Co postawi\u0107 na stolik kawowy, aby nie zak\u0142\u00f3ci\u0107 jego funkcji u\u017cytkowej?<\/p>\n\n\n\n<p>Stolik kawowy to nie tylko miejsce na kaw\u0119 i ciastko, warto pomy\u015ble\u0107 o tym, jak by go subtelnie udekorowa\u0107. Nie jest to mebel, kt\u00f3ry jest w u\u017cyciu non stop, wi\u0119c fajnie, jak nie b\u0119dzie sta\u0142 pusty. Wystylizowanie stolika kawowego to \u015bwietne uzupe\u0142nienie stylu panuj\u0105cego we wn\u0119trzu. To co na nim postawimy mo\u017ce nawi\u0105za\u0107 do wystroju lub by\u0107 ca\u0142kowicie odmienne &#8211; kontrastowe. Co zatem mo\u017cna postawi\u0107 na stolik kawowy, by prezentowa\u0142 si\u0119 efektownie?<\/p>\n\n\n\n<div id=\"ez-toc-container\" class=\"ez-toc-v2_0_59 counter-hierarchy ez-toc-counter ez-toc-grey ez-toc-container-direction\">\n<div class=\"ez-toc-title-container\">\n<p class=\"ez-toc-title \" >Na skr&oacute;ty:<\/p>\n<span class=\"ez-toc-title-toggle\"><a href=\"#\" class=\"ez-toc-pull-right ez-toc-btn ez-toc-btn-xs ez-toc-btn-default ez-toc-toggle\" aria-label=\"Toggle Table of Content\" role=\"button\"><label for=\"item-69f775a6d412f\" ><span class=\"\"><span class=\"eztoc-hide\" style=\"display:none;\">Toggle<\/span><span class=\"ez-toc-icon-toggle-span\"><svg style=\"fill: #999;color:#999\" xmlns=\"http:\/\/www.w3.org\/2000\/svg\" class=\"list-377408\" width=\"20px\" height=\"20px\" viewBox=\"0 0 24 24\" fill=\"none\"><path d=\"M6 6H4v2h2V6zm14 0H8v2h12V6zM4 11h2v2H4v-2zm16 0H8v2h12v-2zM4 16h2v2H4v-2zm16 0H8v2h12v-2z\" fill=\"currentColor\"><\/path><\/svg><svg style=\"fill: #999;color:#999\" class=\"arrow-unsorted-368013\" xmlns=\"http:\/\/www.w3.org\/2000\/svg\" width=\"10px\" height=\"10px\" viewBox=\"0 0 24 24\" version=\"1.2\" baseProfile=\"tiny\"><path d=\"M18.2 9.3l-6.2-6.3-6.2 6.3c-.2.2-.3.4-.3.7s.1.5.3.7c.2.2.4.3.7.3h11c.3 0 .5-.1.7-.3.2-.2.3-.5.3-.7s-.1-.5-.3-.7zM5.8 14.7l6.2 6.3 6.2-6.3c.2-.2.3-.5.3-.7s-.1-.5-.3-.7c-.2-.2-.4-.3-.7-.3h-11c-.3 0-.5.1-.7.3-.2.2-.3.5-.3.7s.1.5.3.7z\"\/><\/svg><\/span><\/span><\/label><input aria-label=\"Toggle\" aria-label=\"item-69f775a6d412f\"  type=\"checkbox\" id=\"item-69f775a6d412f\"><\/a><\/span><\/div>\n<nav><ul class='ez-toc-list ez-toc-list-level-1 ' ><li class='ez-toc-page-1 ez-toc-heading-level-2'><a class=\"ez-toc-link ez-toc-heading-1\" href=\"https:\/\/galeriaszumen.pl\/inspiracje\/co-postawic-na-stolik-kawowy\/#Rozkwiecony_stolik_kawowy\" title=\"Rozkwiecony stolik kawowy\">Rozkwiecony stolik kawowy<\/a><\/li><li class='ez-toc-page-1 ez-toc-heading-level-2'><a class=\"ez-toc-link ez-toc-heading-2\" href=\"https:\/\/galeriaszumen.pl\/inspiracje\/co-postawic-na-stolik-kawowy\/#Co_postawic_na_stolik_kawowy_%E2%80%93_niskie_rosliny_doniczkowe\" title=\"Co postawi\u0107 na stolik kawowy? \u2013 niskie ro\u015bliny doniczkowe\">Co postawi\u0107 na stolik kawowy? \u2013 niskie ro\u015bliny doniczkowe<\/a><\/li><li class='ez-toc-page-1 ez-toc-heading-level-2'><a class=\"ez-toc-link ez-toc-heading-3\" href=\"https:\/\/galeriaszumen.pl\/inspiracje\/co-postawic-na-stolik-kawowy\/#Tace_misy_i_kosze_%E2%80%93_metaloplastyka_w_naszym_salonie\" title=\"Tace, misy i kosze \u2013 metaloplastyka w naszym salonie\">Tace, misy i kosze \u2013 metaloplastyka w naszym salonie<\/a><\/li><li class='ez-toc-page-1 ez-toc-heading-level-2'><a class=\"ez-toc-link ez-toc-heading-4\" href=\"https:\/\/galeriaszumen.pl\/inspiracje\/co-postawic-na-stolik-kawowy\/#Co_postawic_na_stolik_kawowy_%E2%80%93_swiece_zapachy_i_figurki\" title=\"Co postawi\u0107 na stolik kawowy? \u2013 \u015bwiece, zapachy i figurki\">Co postawi\u0107 na stolik kawowy? \u2013 \u015bwiece, zapachy i figurki<\/a><\/li><li class='ez-toc-page-1 ez-toc-heading-level-2'><a class=\"ez-toc-link ez-toc-heading-5\" href=\"https:\/\/galeriaszumen.pl\/inspiracje\/co-postawic-na-stolik-kawowy\/#Swiatlo_na_stolik_kawowy_prosze\" title=\"\u015awiat\u0142o na stolik kawowy prosz\u0119!\">\u015awiat\u0142o na stolik kawowy prosz\u0119!<\/a><\/li><li class='ez-toc-page-1 ez-toc-heading-level-2'><a class=\"ez-toc-link ez-toc-heading-6\" href=\"https:\/\/galeriaszumen.pl\/inspiracje\/co-postawic-na-stolik-kawowy\/#Czas_na_zegary\" title=\"Czas na zegary\">Czas na zegary<\/a><\/li><li class='ez-toc-page-1 ez-toc-heading-level-2'><a class=\"ez-toc-link ez-toc-heading-7\" href=\"https:\/\/galeriaszumen.pl\/inspiracje\/co-postawic-na-stolik-kawowy\/#Porcelana_na_widoku\" title=\"Porcelana na widoku\">Porcelana na widoku<\/a><\/li><\/ul><\/nav><\/div>\n<h2><span class=\"ez-toc-section\" id=\"Rozkwiecony_stolik_kawowy\"><\/span>Rozkwiecony stolik kawowy<span class=\"ez-toc-section-end\"><\/span><\/h2>\n\n\n\n<figure class=\"wp-block-image size-full\"><img decoding=\"async\" loading=\"lazy\" width=\"1000\" height=\"667\" src=\"https:\/\/galeriaszumen.pl\/inspiracje\/wp-content\/uploads\/2022\/03\/stolik-kawowy-rosliny.jpg\" alt=\"\" class=\"wp-image-477\" srcset=\"https:\/\/galeriaszumen.pl\/inspiracje\/wp-content\/uploads\/2022\/03\/stolik-kawowy-rosliny.jpg 1000w, https:\/\/galeriaszumen.pl\/inspiracje\/wp-content\/uploads\/2022\/03\/stolik-kawowy-rosliny-300x200.jpg 300w, https:\/\/galeriaszumen.pl\/inspiracje\/wp-content\/uploads\/2022\/03\/stolik-kawowy-rosliny-768x512.jpg 768w, https:\/\/galeriaszumen.pl\/inspiracje\/wp-content\/uploads\/2022\/03\/stolik-kawowy-rosliny-450x300.jpg 450w, https:\/\/galeriaszumen.pl\/inspiracje\/wp-content\/uploads\/2022\/03\/stolik-kawowy-rosliny-780x520.jpg 780w\" sizes=\"(max-width: 1000px) 100vw, 1000px\" \/><\/figure>\n\n\n\n<p>Chyba jedn\u0105 z najpi\u0119kniejszych ozd\u00f3b i to nie tylko stolika, s\u0105 ci\u0119te kwiaty. Doskonale b\u0119d\u0105 si\u0119 prezentowa\u0107 w pi\u0119knym <strong>wazonie ozdobnym<\/strong>, kt\u00f3ry b\u0119dzie dopasowany kolorystycznie do ca\u0142o\u015bci wn\u0119trza. Je\u017celi nie mo\u017cesz zdecydowa\u0107 si\u0119 na kolor, postaw na szklany prze\u017aroczysty wazon, taka klasyka sprawdzi si\u0119 w ka\u017cdym wn\u0119trzu. Alternatyw\u0105 dla kwiat\u00f3w ci\u0119tych b\u0119d\u0105 suche bukiety. Odpowiednie kompozycje prezentuj\u0105 si\u0119 r\u00f3wnie pi\u0119knie co kwiaty ci\u0119te.<\/p>\n\n\n\n<div class=\"wp-block-cover\" style=\"min-height:174px\"><span aria-hidden=\"true\" class=\"wp-block-cover__background has-black-background-color has-background-dim-100 has-background-dim\"><\/span><div class=\"wp-block-cover__inner-container\">\n<p class=\"has-text-align-center has-large-font-size\"><a href=\"https:\/\/galeriaszumen.pl\/68-szklo-ozdobne\" target=\"_blank\" rel=\"noreferrer noopener\">Szk\u0142o ozdobne<\/a><\/p>\n<\/div><\/div>\n\n\n\n<h2><span class=\"ez-toc-section\" id=\"Co_postawic_na_stolik_kawowy_%E2%80%93_niskie_rosliny_doniczkowe\"><\/span>Co postawi\u0107 na stolik kawowy? \u2013 niskie ro\u015bliny doniczkowe<span class=\"ez-toc-section-end\"><\/span><\/h2>\n\n\n\n<figure class=\"wp-block-image size-full\"><img decoding=\"async\" loading=\"lazy\" width=\"999\" height=\"667\" src=\"https:\/\/galeriaszumen.pl\/inspiracje\/wp-content\/uploads\/2022\/03\/stolik-kawowy-wazony.jpg\" alt=\"\" class=\"wp-image-476\" srcset=\"https:\/\/galeriaszumen.pl\/inspiracje\/wp-content\/uploads\/2022\/03\/stolik-kawowy-wazony.jpg 999w, https:\/\/galeriaszumen.pl\/inspiracje\/wp-content\/uploads\/2022\/03\/stolik-kawowy-wazony-300x200.jpg 300w, https:\/\/galeriaszumen.pl\/inspiracje\/wp-content\/uploads\/2022\/03\/stolik-kawowy-wazony-768x513.jpg 768w, https:\/\/galeriaszumen.pl\/inspiracje\/wp-content\/uploads\/2022\/03\/stolik-kawowy-wazony-450x300.jpg 450w, https:\/\/galeriaszumen.pl\/inspiracje\/wp-content\/uploads\/2022\/03\/stolik-kawowy-wazony-780x521.jpg 780w\" sizes=\"(max-width: 999px) 100vw, 999px\" \/><\/figure>\n\n\n\n<p>Tak, one r\u00f3wnie\u017c b\u0119d\u0105 wygl\u0105da\u0142y zachwycaj\u0105co na stoliku kawowym. Pami\u0119tajmy jednak, aby by\u0142y to niskie kwiaty i takie, kt\u00f3re nie s\u0105 niebezpieczne w przypadku kontaktu z nimi. Designerska doniczka b\u0119dzie idealnym uzupe\u0142nieniem kompozycji. Je\u017celi nasz stolik jest nieco wi\u0119kszy, mo\u017cemy pokusi\u0107 si\u0119 o dwie doniczki r\u00f3\u017cnej wielko\u015bci \u2013 efekt murowany.<\/p>\n\n\n\n<h2><span class=\"ez-toc-section\" id=\"Tace_misy_i_kosze_%E2%80%93_metaloplastyka_w_naszym_salonie\"><\/span>Tace, misy i kosze \u2013 metaloplastyka w naszym salonie<span class=\"ez-toc-section-end\"><\/span><\/h2>\n\n\n\n<p>Stolik kawowy i taca ozdobna to komplet idealny. Na takiej tacy mo\u017cemy dodatkowo co\u015b ustawi\u0107, albo zostawi\u0107 j\u0105 sam\u0105 dla podkre\u015blenia jej pi\u0119kna. Stolik kawowy s\u0142u\u017cy zazwyczaj do podania na nim pocz\u0119stunku, dlatego dobrym i praktycznym rozwi\u0105zaniem b\u0119d\u0105 misy, kt\u00f3re mo\u017cemy wype\u0142ni\u0107 ulubionymi ciastkami czy cukierkami. Kosze natomiast mo\u017cemy przeznaczy\u0107 na owoce. Wype\u0142nianie koszy sezonowymi owocami nada klimatu w pomieszczeniu, a zapach np. jesiennych jab\u0142ek b\u0119dzie unosi\u0142 si\u0119 w ca\u0142ym domu.<\/p>\n\n\n\n<div class=\"wp-block-cover\" style=\"min-height:185px\"><span aria-hidden=\"true\" class=\"wp-block-cover__background has-black-background-color has-background-dim-100 has-background-dim\"><\/span><div class=\"wp-block-cover__inner-container\">\n<p class=\"has-text-align-center has-large-font-size\"><a href=\"https:\/\/galeriaszumen.pl\/252-tace\" target=\"_blank\" rel=\"noreferrer noopener\">Tace na st\u00f3\u0142<\/a><\/p>\n<\/div><\/div>\n\n\n\n<h2><span class=\"ez-toc-section\" id=\"Co_postawic_na_stolik_kawowy_%E2%80%93_swiece_zapachy_i_figurki\"><\/span>Co postawi\u0107 na stolik kawowy? \u2013 \u015bwiece, zapachy i figurki<span class=\"ez-toc-section-end\"><\/span><\/h2>\n\n\n\n<p>Wszystko podane na tacy. Oczywi\u015bcie nie jest konieczna bo ozdobna figurka b\u0119dzie pi\u0119knie wygl\u0105da\u0142a solo, ale ju\u017c zestaw \u015bwiec zapachowych ustawiony na tacy b\u0119dzie prezentowa\u0142 si\u0119 bardzo elegancko. Je\u017celi chcemy, aby subtelny zapach unosi\u0142 si\u0119 podczas picia kawy, mo\u017cemy postawi\u0107 na olejki zapachowe. Dzia\u0142aj\u0105 bardzo odpr\u0119\u017caj\u0105co, a ozdobna butelka zrobi ca\u0142\u0105 robot\u0119.<\/p>\n\n\n\n<div class=\"wp-block-cover\" style=\"min-height:179px\"><span aria-hidden=\"true\" class=\"wp-block-cover__background has-black-background-color has-background-dim-100 has-background-dim\"><\/span><div class=\"wp-block-cover__inner-container\">\n<p class=\"has-text-align-center has-large-font-size\"><a href=\"https:\/\/galeriaszumen.pl\/232-zapachy\" target=\"_blank\" rel=\"noreferrer noopener\">Zapachy do domu<\/a><\/p>\n<\/div><\/div>\n\n\n\n<h2><span class=\"ez-toc-section\" id=\"Swiatlo_na_stolik_kawowy_prosze\"><\/span>\u015awiat\u0142o na stolik kawowy prosz\u0119!<span class=\"ez-toc-section-end\"><\/span><\/h2>\n\n\n\n<p>Zdarza ci si\u0119 czyta\u0107 ksi\u0105\u017ck\u0119 czy czasopismo przy kawie? &#8211; o\u015bwietl stolik ma\u0142\u0105 lampk\u0105 o ciekawym kszta\u0142cie. Ustawienie takiego gad\u017cetu na stoliku kawowym, b\u0119dzie mia\u0142o nie tylko aspekt praktyczny, ale r\u00f3wnie\u017c mocno dekoracyjny. Dodatkowo od\u0142o\u017cona lektura nada wszystkiemu du\u017cej estetyki. Wieczory nabior\u0105 te\u017c niepowtarzalnego klimatu przy lekko przygaszonym \u015bwietle.<\/p>\n\n\n\n<div class=\"wp-block-cover\" style=\"min-height:193px\"><span aria-hidden=\"true\" class=\"wp-block-cover__background has-black-background-color has-background-dim-100 has-background-dim\"><\/span><div class=\"wp-block-cover__inner-container\">\n<p class=\"has-text-align-center has-large-font-size\"><a href=\"https:\/\/galeriaszumen.pl\/101-lampy-stoloweoswietlenie\" target=\"_blank\" rel=\"noreferrer noopener\">Lampy sto\u0142owe<\/a><\/p>\n<\/div><\/div>\n\n\n\n<h2><span class=\"ez-toc-section\" id=\"Czas_na_zegary\"><\/span>Czas na zegary<span class=\"ez-toc-section-end\"><\/span><\/h2>\n\n\n\n<p>Czy na stoliku kawowym postawi\u0107 zegar? Oczywi\u015bcie, niewielkich rozmiar\u00f3w zegar, b\u0119dzie wygl\u0105da\u0142 uroczo, a my b\u0119dziemy go mie\u0107 na oku, gdyby\u015bmy zatracili si\u0119 w popo\u0142udniowej kawie.<\/p>\n\n\n\n<div class=\"wp-block-cover\" style=\"min-height:158px\"><span aria-hidden=\"true\" class=\"wp-block-cover__background has-black-background-color has-background-dim-100 has-background-dim\"><\/span><div class=\"wp-block-cover__inner-container\">\n<p class=\"has-text-align-center has-large-font-size\"><a href=\"https:\/\/galeriaszumen.pl\/67-zegary\" target=\"_blank\" rel=\"noreferrer noopener\">Zegary<\/a><\/p>\n<\/div><\/div>\n\n\n\n<h2><span class=\"ez-toc-section\" id=\"Porcelana_na_widoku\"><\/span>Porcelana na widoku<span class=\"ez-toc-section-end\"><\/span><\/h2>\n\n\n\n<p>Wracamy do tacy, bo ona b\u0119dzie stanowi\u0142a podstaw\u0119 naszej porcelany. Je\u017celi nasza kolekcja jest okaza\u0142a, mo\u017cemy na stoliku kawowym ustawi\u0107 sam\u0105 cukiernic\u0119, b\u0119dzie to wystarczaj\u0105ca ozdoba stolika. Je\u017celi mo\u017cemy pozwoli\u0107 sobie na pater\u0119, stworzymy pi\u0119kny, bardzo subtelny komplet.<\/p>\n\n\n\n<div class=\"wp-block-cover\" style=\"min-height:166px\"><span aria-hidden=\"true\" class=\"wp-block-cover__background has-black-background-color has-background-dim-100 has-background-dim\"><\/span><div class=\"wp-block-cover__inner-container\">\n<p class=\"has-text-align-center has-large-font-size\"><a href=\"https:\/\/galeriaszumen.pl\/167-porcelana\" target=\"_blank\" rel=\"noreferrer noopener\">Porcelana<\/a><\/p>\n<\/div><\/div>\n\n\n\n<p>To tylko cz\u0119\u015b\u0107 pomys\u0142\u00f3w jakie mo\u017cemy wykorzysta\u0107 w aran\u017cacji stolika kawowego. Co na nim postawi\u0107 zale\u017cy wy\u0142\u0105cznie od naszych upodoba\u0144. Czasami to nie tylko kwestia estetyki, ale r\u00f3wnie\u017c praktycznych rozwi\u0105za\u0144. Czasami odpowiednia aran\u017cacja ozdoby mo\u017ce ukry\u0107 ma\u0142e mankamenty tego mebla. Ustawiajmy, zmieniajmy, tw\u00f3rzmy niezwyk\u0142e aran\u017cacje.<\/p>\n\n\n\n<p>Polecamy:<\/p>\n\n\n\n<ul>\n<li><a href=\"https:\/\/galeriaszumen.pl\/inspiracje\/meble-modulowe-narozniki-w-ksztalcie-litery-u\/\">Meble modu\u0142owe \u2013 naro\u017cniki w kszta\u0142cie litery U<\/a><\/li>\n\n\n\n<li><a href=\"https:\/\/galeriaszumen.pl\/inspiracje\/jaka-lampe-wybrac-nad-stol\/\">Jak\u0105 lamp\u0119 wybra\u0107 nad st\u00f3\u0142?<\/a><\/li>\n\n\n\n<li><a href=\"https:\/\/galeriaszumen.pl\/inspiracje\/jakie-krzesla-do-drewnianego-stolu\/\">Jakie krzes\u0142a do drewnianego sto\u0142u?<\/a><\/li>\n<\/ul>\n","protected":false},"excerpt":{"rendered":"<p>Stolik kawowy znajduje si\u0119 niemal w ka\u017cdym domu, jest nieroz\u0142\u0105czn\u0105 cz\u0119\u015bci\u0105 pokoju dziennego czy salonu. Cz\u0119sto, w ma\u0142ych mieszkaniach, to w\u0142a\u015bnie on tworzy miejsce, przy kt\u00f3rym zasiadamy z przyjaci\u00f3\u0142mi przy fili\u017cance kawy. Czym go \u201eokrasi\u0107\u201d, aby wygl\u0105da\u0142 pi\u0119knie i subtelnie? Co postawi\u0107 na stolik kawowy, aby nie zak\u0142\u00f3ci\u0107 jego funkcji u\u017cytkowej? Stolik kawowy to nie [&hellip;]<\/p>\n","protected":false},"author":1,"featured_media":186,"comment_status":"closed","ping_status":"open","sticky":false,"template":"","format":"standard","meta":[],"categories":[12,1],"tags":[],"yoast_head":"<!-- This site is optimized with the Yoast SEO plugin v19.13 - https:\/\/yoast.com\/wordpress\/plugins\/seo\/ -->\n<title>Co postawi\u0107 na stolik kawowy - Galeria Szumen<\/title>\n<meta name=\"description\" content=\"Co postawi\u0107 na stolik kawowy, aby nie zak\u0142\u00f3ci\u0107 jego funkcji u\u017cytkowej? Podpowiadamy Galeria Wn\u0119trz. Sprawd\u017a\" \/>\n<meta name=\"robots\" content=\"index, follow, max-snippet:-1, max-image-preview:large, max-video-preview:-1\" \/>\n<link rel=\"canonical\" href=\"https:\/\/galeriaszumen.pl\/inspiracje\/co-postawic-na-stolik-kawowy\/\" \/>\n<meta property=\"og:locale\" content=\"pl_PL\" \/>\n<meta property=\"og:type\" content=\"article\" \/>\n<meta property=\"og:title\" content=\"Co postawi\u0107 na stolik kawowy - Galeria Szumen\" \/>\n<meta property=\"og:description\" content=\"Co postawi\u0107 na stolik kawowy, aby nie zak\u0142\u00f3ci\u0107 jego funkcji u\u017cytkowej? Podpowiadamy Galeria Wn\u0119trz. Sprawd\u017a\" \/>\n<meta property=\"og:url\" content=\"https:\/\/galeriaszumen.pl\/inspiracje\/co-postawic-na-stolik-kawowy\/\" \/>\n<meta property=\"og:site_name\" content=\"Galeria Szumen\" \/>\n<meta property=\"article:published_time\" content=\"2022-03-15T13:47:15+00:00\" \/>\n<meta property=\"article:modified_time\" content=\"2022-12-28T10:11:36+00:00\" \/>\n<meta property=\"og:image\" content=\"https:\/\/galeriaszumen.pl\/inspiracje\/wp-content\/uploads\/2020\/10\/stol-czy-lawa-scaled.jpg\" \/>\n\t<meta property=\"og:image:width\" content=\"2560\" \/>\n\t<meta property=\"og:image:height\" content=\"1708\" \/>\n\t<meta property=\"og:image:type\" content=\"image\/jpeg\" \/>\n<meta name=\"author\" content=\"Szumen\" \/>\n<meta name=\"twitter:card\" content=\"summary_large_image\" \/>\n<meta name=\"twitter:label1\" content=\"Napisane przez\" \/>\n\t<meta name=\"twitter:data1\" content=\"Szumen\" \/>\n\t<meta name=\"twitter:label2\" content=\"Szacowany czas czytania\" \/>\n\t<meta name=\"twitter:data2\" content=\"4 minuty\" \/>\n<script type=\"application\/ld+json\" class=\"yoast-schema-graph\">{\"@context\":\"https:\/\/schema.org\",\"@graph\":[{\"@type\":\"WebPage\",\"@id\":\"https:\/\/galeriaszumen.pl\/inspiracje\/co-postawic-na-stolik-kawowy\/\",\"url\":\"https:\/\/galeriaszumen.pl\/inspiracje\/co-postawic-na-stolik-kawowy\/\",\"name\":\"Co postawi\u0107 na stolik kawowy - Galeria Szumen\",\"isPartOf\":{\"@id\":\"https:\/\/galeriaszumen.pl\/inspiracje\/#website\"},\"datePublished\":\"2022-03-15T13:47:15+00:00\",\"dateModified\":\"2022-12-28T10:11:36+00:00\",\"author\":{\"@id\":\"https:\/\/galeriaszumen.pl\/inspiracje\/#\/schema\/person\/a8076ce74773fc3e41f5984cd4465e14\"},\"description\":\"Co postawi\u0107 na stolik kawowy, aby nie zak\u0142\u00f3ci\u0107 jego funkcji u\u017cytkowej? Podpowiadamy Galeria Wn\u0119trz. Sprawd\u017a\",\"breadcrumb\":{\"@id\":\"https:\/\/galeriaszumen.pl\/inspiracje\/co-postawic-na-stolik-kawowy\/#breadcrumb\"},\"inLanguage\":\"pl-PL\",\"potentialAction\":[{\"@type\":\"ReadAction\",\"target\":[\"https:\/\/galeriaszumen.pl\/inspiracje\/co-postawic-na-stolik-kawowy\/\"]}]},{\"@type\":\"BreadcrumbList\",\"@id\":\"https:\/\/galeriaszumen.pl\/inspiracje\/co-postawic-na-stolik-kawowy\/#breadcrumb\",\"itemListElement\":[{\"@type\":\"ListItem\",\"position\":1,\"name\":\"Strona g\u0142\u00f3wna\",\"item\":\"https:\/\/galeriaszumen.pl\/inspiracje\/\"},{\"@type\":\"ListItem\",\"position\":2,\"name\":\"Co postawi\u0107 na stolik kawowy\"}]},{\"@type\":\"WebSite\",\"@id\":\"https:\/\/galeriaszumen.pl\/inspiracje\/#website\",\"url\":\"https:\/\/galeriaszumen.pl\/inspiracje\/\",\"name\":\"Galeria Szumen\",\"description\":\"Kolejna witryna oparta na WordPressie\",\"potentialAction\":[{\"@type\":\"SearchAction\",\"target\":{\"@type\":\"EntryPoint\",\"urlTemplate\":\"https:\/\/galeriaszumen.pl\/inspiracje\/?s={search_term_string}\"},\"query-input\":\"required name=search_term_string\"}],\"inLanguage\":\"pl-PL\"},{\"@type\":\"Person\",\"@id\":\"https:\/\/galeriaszumen.pl\/inspiracje\/#\/schema\/person\/a8076ce74773fc3e41f5984cd4465e14\",\"name\":\"Szumen\",\"image\":{\"@type\":\"ImageObject\",\"inLanguage\":\"pl-PL\",\"@id\":\"https:\/\/galeriaszumen.pl\/inspiracje\/#\/schema\/person\/image\/\",\"url\":\"https:\/\/secure.gravatar.com\/avatar\/c2b102fe2161741c69255d6c1e392823?s=96&d=mm&r=g\",\"contentUrl\":\"https:\/\/secure.gravatar.com\/avatar\/c2b102fe2161741c69255d6c1e392823?s=96&d=mm&r=g\",\"caption\":\"Szumen\"},\"sameAs\":[\"https:\/\/galeriaszumen.pl\/inspiracje\"]}]}<\/script>\n<!-- \/ Yoast SEO plugin. -->","yoast_head_json":{"title":"Co postawi\u0107 na stolik kawowy - Galeria Szumen","description":"Co postawi\u0107 na stolik kawowy, aby nie zak\u0142\u00f3ci\u0107 jego funkcji u\u017cytkowej? Podpowiadamy Galeria Wn\u0119trz. Sprawd\u017a","robots":{"index":"index","follow":"follow","max-snippet":"max-snippet:-1","max-image-preview":"max-image-preview:large","max-video-preview":"max-video-preview:-1"},"canonical":"https:\/\/galeriaszumen.pl\/inspiracje\/co-postawic-na-stolik-kawowy\/","og_locale":"pl_PL","og_type":"article","og_title":"Co postawi\u0107 na stolik kawowy - Galeria Szumen","og_description":"Co postawi\u0107 na stolik kawowy, aby nie zak\u0142\u00f3ci\u0107 jego funkcji u\u017cytkowej? Podpowiadamy Galeria Wn\u0119trz. Sprawd\u017a","og_url":"https:\/\/galeriaszumen.pl\/inspiracje\/co-postawic-na-stolik-kawowy\/","og_site_name":"Galeria Szumen","article_published_time":"2022-03-15T13:47:15+00:00","article_modified_time":"2022-12-28T10:11:36+00:00","og_image":[{"width":2560,"height":1708,"url":"https:\/\/galeriaszumen.pl\/inspiracje\/wp-content\/uploads\/2020\/10\/stol-czy-lawa-scaled.jpg","type":"image\/jpeg"}],"author":"Szumen","twitter_card":"summary_large_image","twitter_misc":{"Napisane przez":"Szumen","Szacowany czas czytania":"4 minuty"},"schema":{"@context":"https:\/\/schema.org","@graph":[{"@type":"WebPage","@id":"https:\/\/galeriaszumen.pl\/inspiracje\/co-postawic-na-stolik-kawowy\/","url":"https:\/\/galeriaszumen.pl\/inspiracje\/co-postawic-na-stolik-kawowy\/","name":"Co postawi\u0107 na stolik kawowy - Galeria Szumen","isPartOf":{"@id":"https:\/\/galeriaszumen.pl\/inspiracje\/#website"},"datePublished":"2022-03-15T13:47:15+00:00","dateModified":"2022-12-28T10:11:36+00:00","author":{"@id":"https:\/\/galeriaszumen.pl\/inspiracje\/#\/schema\/person\/a8076ce74773fc3e41f5984cd4465e14"},"description":"Co postawi\u0107 na stolik kawowy, aby nie zak\u0142\u00f3ci\u0107 jego funkcji u\u017cytkowej? Podpowiadamy Galeria Wn\u0119trz. Sprawd\u017a","breadcrumb":{"@id":"https:\/\/galeriaszumen.pl\/inspiracje\/co-postawic-na-stolik-kawowy\/#breadcrumb"},"inLanguage":"pl-PL","potentialAction":[{"@type":"ReadAction","target":["https:\/\/galeriaszumen.pl\/inspiracje\/co-postawic-na-stolik-kawowy\/"]}]},{"@type":"BreadcrumbList","@id":"https:\/\/galeriaszumen.pl\/inspiracje\/co-postawic-na-stolik-kawowy\/#breadcrumb","itemListElement":[{"@type":"ListItem","position":1,"name":"Strona g\u0142\u00f3wna","item":"https:\/\/galeriaszumen.pl\/inspiracje\/"},{"@type":"ListItem","position":2,"name":"Co postawi\u0107 na stolik kawowy"}]},{"@type":"WebSite","@id":"https:\/\/galeriaszumen.pl\/inspiracje\/#website","url":"https:\/\/galeriaszumen.pl\/inspiracje\/","name":"Galeria Szumen","description":"Kolejna witryna oparta na WordPressie","potentialAction":[{"@type":"SearchAction","target":{"@type":"EntryPoint","urlTemplate":"https:\/\/galeriaszumen.pl\/inspiracje\/?s={search_term_string}"},"query-input":"required name=search_term_string"}],"inLanguage":"pl-PL"},{"@type":"Person","@id":"https:\/\/galeriaszumen.pl\/inspiracje\/#\/schema\/person\/a8076ce74773fc3e41f5984cd4465e14","name":"Szumen","image":{"@type":"ImageObject","inLanguage":"pl-PL","@id":"https:\/\/galeriaszumen.pl\/inspiracje\/#\/schema\/person\/image\/","url":"https:\/\/secure.gravatar.com\/avatar\/c2b102fe2161741c69255d6c1e392823?s=96&d=mm&r=g","contentUrl":"https:\/\/secure.gravatar.com\/avatar\/c2b102fe2161741c69255d6c1e392823?s=96&d=mm&r=g","caption":"Szumen"},"sameAs":["https:\/\/galeriaszumen.pl\/inspiracje"]}]}},"_links":{"self":[{"href":"https:\/\/galeriaszumen.pl\/inspiracje\/wp-json\/wp\/v2\/posts\/475"}],"collection":[{"href":"https:\/\/galeriaszumen.pl\/inspiracje\/wp-json\/wp\/v2\/posts"}],"about":[{"href":"https:\/\/galeriaszumen.pl\/inspiracje\/wp-json\/wp\/v2\/types\/post"}],"author":[{"embeddable":true,"href":"https:\/\/galeriaszumen.pl\/inspiracje\/wp-json\/wp\/v2\/users\/1"}],"replies":[{"embeddable":true,"href":"https:\/\/galeriaszumen.pl\/inspiracje\/wp-json\/wp\/v2\/comments?post=475"}],"version-history":[{"count":5,"href":"https:\/\/galeriaszumen.pl\/inspiracje\/wp-json\/wp\/v2\/posts\/475\/revisions"}],"predecessor-version":[{"id":586,"href":"https:\/\/galeriaszumen.pl\/inspiracje\/wp-json\/wp\/v2\/posts\/475\/revisions\/586"}],"wp:featuredmedia":[{"embeddable":true,"href":"https:\/\/galeriaszumen.pl\/inspiracje\/wp-json\/wp\/v2\/media\/186"}],"wp:attachment":[{"href":"https:\/\/galeriaszumen.pl\/inspiracje\/wp-json\/wp\/v2\/media?parent=475"}],"wp:term":[{"taxonomy":"category","embeddable":true,"href":"https:\/\/galeriaszumen.pl\/inspiracje\/wp-json\/wp\/v2\/categories?post=475"},{"taxonomy":"post_tag","embeddable":true,"href":"https:\/\/galeriaszumen.pl\/inspiracje\/wp-json\/wp\/v2\/tags?post=475"}],"curies":[{"name":"wp","href":"https:\/\/api.w.org\/{rel}","templated":true}]}}