{"id":202,"date":"2020-11-13T14:51:44","date_gmt":"2020-11-13T13:51:44","guid":{"rendered":"https:\/\/galeriaszumen.pl\/inspiracje\/?p=202"},"modified":"2021-01-27T12:12:43","modified_gmt":"2021-01-27T11:12:43","slug":"jakie-oswietlenie-do-salonu","status":"publish","type":"post","link":"https:\/\/galeriaszumen.pl\/inspiracje\/jakie-oswietlenie-do-salonu\/","title":{"rendered":"Jakie o\u015bwietlenie do salonu?"},"content":{"rendered":"\n<p>O\u015bwietlenie salonu to bardzo wa\u017cna kwestia, poniewa\u017c to w\u0142a\u015bnie w salonie sp\u0119dzamy bardzo du\u017co czasu. Pe\u0142ni on bardzo r\u00f3\u017cne funkcje w naszym \u017cyciu, od spotka\u0144 znajomych, \u201eplacu\u201d zabaw naszych pociech, do miejsca gdzie chcemy si\u0119 zrelaksowa\u0107 i odpocz\u0105\u0107 po ca\u0142ym dniu pracy. Jakie o\u015bwietlenie do salonu wybra\u0107, aby m\u00f3c w pe\u0142ni korzysta\u0107 z tego miejsca?<\/p>\n\n\n\n<p>O\u015bwietlenie, jego rodzaj, nawet kolor, potrafi odpowiednio wp\u0142yn\u0105\u0107 na nasz nastr\u00f3j, u\u0142atwi\u0107 nam koncentracj\u0119, da\u0107 komfort korzystania z ka\u017cdej strefy pomieszczenia. W salonie, gdzie powierzchnia zazwyczaj jest bardzo du\u017ca i strefy cz\u0119sto \u0142\u0105cz\u0105 si\u0119 ze sob\u0105, o\u015bwietlenie staje si\u0119 bardzo wa\u017cnym elementem. Cz\u0119sto ju\u017c na etapie projektu zadajemy sobie pytanie jakie o\u015bwietlenie do salonu wybra\u0107. Pok\u00f3j dzienny coraz cz\u0119\u015bciej \u0142\u0105czony jest z kuchni\u0105 b\u0105d\u017a jadalni\u0105 i nie jest to domena domk\u00f3w jednorodzinnych. Coraz cz\u0119\u015bciej w mieszkaniach pojawiaj\u0105 si\u0119 tego typu po\u0142\u0105czenia, dlatego u\u017cycie jednej lampy sufitowej zupe\u0142nie nie ma sensu. Pami\u0119tajmy, \u017ce rozmieszczenie wielu r\u00f3\u017cnych lamp tych stoj\u0105cych jak i wisz\u0105cych, umo\u017cliwi nam pi\u0119kny i subtelny podzia\u0142 pomieszczenia na strefy.<\/p>\n\n\n\n<div id=\"ez-toc-container\" class=\"ez-toc-v2_0_59 counter-hierarchy ez-toc-counter ez-toc-grey ez-toc-container-direction\">\n<div class=\"ez-toc-title-container\">\n<p class=\"ez-toc-title \" >Na skr&oacute;ty:<\/p>\n<span class=\"ez-toc-title-toggle\"><a href=\"#\" class=\"ez-toc-pull-right ez-toc-btn ez-toc-btn-xs ez-toc-btn-default ez-toc-toggle\" aria-label=\"Toggle Table of Content\" role=\"button\"><label for=\"item-69f2566229049\" ><span class=\"\"><span class=\"eztoc-hide\" style=\"display:none;\">Toggle<\/span><span class=\"ez-toc-icon-toggle-span\"><svg style=\"fill: #999;color:#999\" xmlns=\"http:\/\/www.w3.org\/2000\/svg\" class=\"list-377408\" width=\"20px\" height=\"20px\" viewBox=\"0 0 24 24\" fill=\"none\"><path d=\"M6 6H4v2h2V6zm14 0H8v2h12V6zM4 11h2v2H4v-2zm16 0H8v2h12v-2zM4 16h2v2H4v-2zm16 0H8v2h12v-2z\" fill=\"currentColor\"><\/path><\/svg><svg style=\"fill: #999;color:#999\" class=\"arrow-unsorted-368013\" xmlns=\"http:\/\/www.w3.org\/2000\/svg\" width=\"10px\" height=\"10px\" viewBox=\"0 0 24 24\" version=\"1.2\" baseProfile=\"tiny\"><path d=\"M18.2 9.3l-6.2-6.3-6.2 6.3c-.2.2-.3.4-.3.7s.1.5.3.7c.2.2.4.3.7.3h11c.3 0 .5-.1.7-.3.2-.2.3-.5.3-.7s-.1-.5-.3-.7zM5.8 14.7l6.2 6.3 6.2-6.3c.2-.2.3-.5.3-.7s-.1-.5-.3-.7c-.2-.2-.4-.3-.7-.3h-11c-.3 0-.5.1-.7.3-.2.2-.3.5-.3.7s.1.5.3.7z\"\/><\/svg><\/span><\/span><\/label><input aria-label=\"Toggle\" aria-label=\"item-69f2566229049\"  type=\"checkbox\" id=\"item-69f2566229049\"><\/a><\/span><\/div>\n<nav><ul class='ez-toc-list ez-toc-list-level-1 ' ><li class='ez-toc-page-1 ez-toc-heading-level-2'><a class=\"ez-toc-link ez-toc-heading-1\" href=\"https:\/\/galeriaszumen.pl\/inspiracje\/jakie-oswietlenie-do-salonu\/#Zaplanuj_oswietlenie_w_salonie\" title=\"Zaplanuj o\u015bwietlenie w salonie\">Zaplanuj o\u015bwietlenie w salonie<\/a><\/li><li class='ez-toc-page-1 ez-toc-heading-level-2'><a class=\"ez-toc-link ez-toc-heading-2\" href=\"https:\/\/galeriaszumen.pl\/inspiracje\/jakie-oswietlenie-do-salonu\/#Jakie_oswietlenie_do_salonu_%E2%80%93_Lampy_w_wielu_odslonach\" title=\"Jakie o\u015bwietlenie do salonu? \u2013 Lampy w wielu ods\u0142onach\">Jakie o\u015bwietlenie do salonu? \u2013 Lampy w wielu ods\u0142onach<\/a><ul class='ez-toc-list-level-3' ><li class='ez-toc-heading-level-3'><a class=\"ez-toc-link ez-toc-heading-3\" href=\"https:\/\/galeriaszumen.pl\/inspiracje\/jakie-oswietlenie-do-salonu\/#Oswietlenie_salonu_sufitowe_%E2%80%93_strefa_wypoczynku\" title=\"O\u015bwietlenie salonu sufitowe \u2013 strefa wypoczynku\">O\u015bwietlenie salonu sufitowe \u2013 strefa wypoczynku<\/a><\/li><li class='ez-toc-page-1 ez-toc-heading-level-3'><a class=\"ez-toc-link ez-toc-heading-4\" href=\"https:\/\/galeriaszumen.pl\/inspiracje\/jakie-oswietlenie-do-salonu\/#Lampy_podlogowe_i_stolowe_%E2%80%93_salon_pelen_swiatla\" title=\"Lampy pod\u0142ogowe i sto\u0142owe \u2013 salon pe\u0142en \u015bwiat\u0142a\">Lampy pod\u0142ogowe i sto\u0142owe \u2013 salon pe\u0142en \u015bwiat\u0142a<\/a><\/li><li class='ez-toc-page-1 ez-toc-heading-level-3'><a class=\"ez-toc-link ez-toc-heading-5\" href=\"https:\/\/galeriaszumen.pl\/inspiracje\/jakie-oswietlenie-do-salonu\/#Oswietlenie_salonu_z_jadalnia\" title=\"O\u015bwietlenie salonu z jadalni\u0105\">O\u015bwietlenie salonu z jadalni\u0105<\/a><\/li><li class='ez-toc-page-1 ez-toc-heading-level-3'><a class=\"ez-toc-link ez-toc-heading-6\" href=\"https:\/\/galeriaszumen.pl\/inspiracje\/jakie-oswietlenie-do-salonu\/#Jakie_oswietlenie_salonu_z_aneksem_kuchennym\" title=\"Jakie o\u015bwietlenie salonu z aneksem kuchennym\">Jakie o\u015bwietlenie salonu z aneksem kuchennym<\/a><\/li><\/ul><\/li><li class='ez-toc-page-1 ez-toc-heading-level-2'><a class=\"ez-toc-link ez-toc-heading-7\" href=\"https:\/\/galeriaszumen.pl\/inspiracje\/jakie-oswietlenie-do-salonu\/#Oswietlenie_salonu_a_styl_panujacy_we_wnetrzu_%E2%80%93_jak_dobrac\" title=\"O\u015bwietlenie salonu a styl panuj\u0105cy we wn\u0119trzu \u2013 jak dobra\u0107\">O\u015bwietlenie salonu a styl panuj\u0105cy we wn\u0119trzu \u2013 jak dobra\u0107<\/a><\/li><li class='ez-toc-page-1 ez-toc-heading-level-2'><a class=\"ez-toc-link ez-toc-heading-8\" href=\"https:\/\/galeriaszumen.pl\/inspiracje\/jakie-oswietlenie-do-salonu\/#Oswietlenie_salonu_jako_element_dekoracji\" title=\"O\u015bwietlenie salonu jako element dekoracji\">O\u015bwietlenie salonu jako element dekoracji<\/a><\/li><\/ul><\/nav><\/div>\n<h2><span class=\"ez-toc-section\" id=\"Zaplanuj_oswietlenie_w_salonie\"><\/span>Zaplanuj o\u015bwietlenie w salonie<span class=\"ez-toc-section-end\"><\/span><\/h2>\n\n\n\n<p>O ca\u0142ym o\u015bwietleniu naszego salonu, ba &#8211; ca\u0142ego domu, powinni\u015bmy pomy\u015ble\u0107 ju\u017c na etapie prac budowlanych, przed wyg\u0142adzeniem i pomalowaniem \u015bcian. Wszystkie punkty o\u015bwietleniowe, te na suficie i \u015bcianach, a tak\u017ce gniazdka elektryczne do kt\u00f3rych b\u0119d\u0105 wpi\u0119te <a href=\"https:\/\/galeriaszumen.pl\/61-lampy-stojace\" target=\"_blank\" rel=\"noreferrer noopener\">lampy stoj\u0105ce<\/a>, powinny by\u0107 dobrze przemy\u015blane, aby potem przy aran\u017cacji wn\u0119trza mie\u0107 pe\u0142n\u0105 swobod\u0119. Ju\u017c wtedy musimy wiedzie\u0107, gdzie ustawimy meble, st\u00f3\u0142 czy kanap\u0119 tak, aby dobrze je o\u015bwietli\u0107 czy dobrze wyeksponowa\u0107 rzeczy, kt\u00f3re maj\u0105 by\u0107 bardziej widoczne. Ustawienie wszystkich sprz\u0119t\u00f3w pozwoli nam na dobranie odpowiedniego o\u015bwietlenia do funkcji, jak\u0105 ma ono spe\u0142nia\u0107. Bardzo wa\u017cne znaczenie ma r\u00f3wnie\u017c metra\u017c naszego salonu, jak r\u00f3wnie\u017c dost\u0119p do \u015bwiat\u0142a naturalnego, rodzaj mebli czy dodatk\u00f3w, bo te szklane np. wazy, sto\u0142y, pi\u0119kne kryszta\u0142owe \u017cyrandole czy ozdobne lustra dodatkowo o\u015bwietl\u0105 nasz salon, przez odbijanie \u015bwiat\u0142a tego naturalnego b\u0105d\u017a sztucznego.<\/p>\n\n\n\n<h2><span class=\"ez-toc-section\" id=\"Jakie_oswietlenie_do_salonu_%E2%80%93_Lampy_w_wielu_odslonach\"><\/span>Jakie o\u015bwietlenie do salonu? \u2013 Lampy w wielu ods\u0142onach<span class=\"ez-toc-section-end\"><\/span><\/h2>\n\n\n\n<p>Salon najlepiej podzieli\u0107 na strefy i dostosowa\u0107 o\u015bwietlenie odpowiednio do nich. \u015awiat\u0142o idealnie wyznaczy nam miejsca, kt\u00f3re chcemy, jest to najprostszy i najlepszy spos\u00f3b na tego typu podzia\u0142y.<\/p>\n\n\n\n<h3><span class=\"ez-toc-section\" id=\"Oswietlenie_salonu_sufitowe_%E2%80%93_strefa_wypoczynku\"><\/span>O\u015bwietlenie salonu sufitowe \u2013 strefa wypoczynku<span class=\"ez-toc-section-end\"><\/span><\/h3>\n\n\n\n<p>Lampy sufitowe nad t\u0105 cz\u0119\u015bci\u0105 salonu, pozwol\u0105 na komfortowe przebywanie w niej nie tylko domownikom, ale r\u00f3wnie\u017c zaproszonym go\u015bciom. Takie spotkania w wi\u0119kszym gronie poniek\u0105d zmuszaj\u0105 nas do korzystania z wi\u0119kszej przestrzeni, co za tym idzie u\u017cycia g\u00f3rnego tak zwanego og\u00f3lnego o\u015bwietlenia. Nad stref\u0105 odpoczynku zawie\u015bmy wi\u0119c lamp\u0119 sufitow\u0105, kt\u00f3rej mocne \u015bwiat\u0142o dotrze w ka\u017cde miejsce salonu. Lampa, kt\u00f3r\u0105 zawiesimy nad stolikiem pozwoli nam funkcjonowa\u0107 jeszcze d\u0142ugo po tym, jak za oknem b\u0119dzie ju\u017c zupe\u0142nie ciemno. Wybieraj\u0105c lampy do salonu zwr\u00f3\u0107my uwag\u0119 na d\u0142ugo\u015b\u0107 przewodu i dobierzmy go odpowiednio do jego wysoko\u015bci i wielko\u015bci. Do tych znacznie wi\u0119kszych pomieszcze\u0144 skupmy si\u0119 na lampach, kt\u00f3re posiadaj\u0105 kilka \u017ar\u00f3de\u0142 \u015bwiat\u0142a np. kilka kloszy.<\/p>\n\n\n\n<p>\u015awietnym sposobem na o\u015bwietlenie salonu b\u0119d\u0105 reflektory, kt\u00f3re mo\u017cemy ustawi\u0107 wedle \u017cyczenia. Precyzyjnie skupiaj\u0105 \u015bwiat\u0142o na tych cz\u0119\u015bciach lub elementach salonu, kt\u00f3re chcemy uwydatni\u0107. R\u00f3\u017cnorodno\u015b\u0107 tego o\u015bwietlenia sprawia, \u017ce nie b\u0119dziemy mieli problemu z jego doborem do wn\u0119trz tradycyjnych jak i bardzo nowoczesnych.<\/p>\n\n\n\n<p>Innym do\u015b\u0107 ciekawym rozwi\u0105zaniem staje si\u0119 <a href=\"https:\/\/galeriaszumen.pl\/81-plafony\" target=\"_blank\" rel=\"noreferrer noopener\">plafon<\/a>, kt\u00f3ry przestaje by\u0107 przypisywany tylko do wn\u0119trz \u0142azienkowych. Dost\u0119pne w bardzo ciekawych ods\u0142onach mog\u0105 z powodzeniem roz\u015bwietli\u0107 nasz salon. \u015awiat\u0142o skupione przy samym suficie doskonale na\u015bwietli ca\u0142e pomieszczenie, a w strefie odpoczynku w\u0142a\u015bnie na tym nam zale\u017cy.<\/p>\n\n\n\n<p><strong>Pami\u0119tajmy \u2013 o\u015bwietlenie salonu w strefie wypoczynku powinno by\u0107 dopasowane do wielko\u015bci pomieszczenia, mie\u0107 klika \u017ar\u00f3de\u0142 \u015bwiat\u0142a lub pojedyncze mocne (plafon) i co bardzo istotne \u2013 mie\u0107 ciep\u0142\u0105 barw\u0119 o warto\u015bci 2200 do 3300K<\/strong>. Oczywi\u015bcie ka\u017cdy salon mo\u017cemy, czasami nawet musimy uzupe\u0142ni\u0107 o lampy pod\u0142ogowe lub sto\u0142owe.<\/p>\n\n\n\n<h3><span class=\"ez-toc-section\" id=\"Lampy_podlogowe_i_stolowe_%E2%80%93_salon_pelen_swiatla\"><\/span>Lampy pod\u0142ogowe i sto\u0142owe \u2013 salon pe\u0142en \u015bwiat\u0142a<span class=\"ez-toc-section-end\"><\/span><\/h3>\n\n\n\n<p>To jakie o\u015bwietlenie do salonu wybra\u0107 czy mo\u017ce dobra\u0107, bo przecie\u017c \u015bwiat\u0142o sufitowe ju\u017c mamy, podpowiedz\u0105 nam strefy w naszym salonie. Jak ju\u017c wiemy centralne \u015bwiat\u0142o sufitowe bardzo dobrze o\u015bwietli nam stref\u0119 wypoczynku, czy to rodzinnego, czy w gronie przyjaci\u00f3\u0142. A co je\u015bli zapragniemy w k\u0105ciku w naszym ulubionym fotelu poczyta\u0107 ksi\u0105\u017ck\u0119? I tu z pomoc\u0105 przychodz\u0119 nam lampy pod\u0142ogowe. \u0179r\u00f3d\u0142o \u015bwiat\u0142a w tym wypadku musi by\u0107 odpowiednio mocne, aby zapewni\u0107 nam komfort czytania. Bardzo wa\u017cne jest te\u017c, aby mo\u017cna ukierunkowa\u0107 lamp\u0119 w odpowiednie miejsce, co umo\u017cliwi nam czytanie lektury w r\u00f3\u017cnych pozycjach. Dodatkowym plusem <a href=\"https:\/\/galeriaszumen.pl\/101-lampy-stoloweoswietlenie\" target=\"_blank\" rel=\"noreferrer noopener\">lamp sto\u0142owych<\/a>, czy pod\u0142ogowych jest to, \u017ce z \u0142atwo\u015bci\u0105 mo\u017cemy je przenosi\u0107, wi\u0119c osoby, kt\u00f3re uwielbiaj\u0105 zabaw\u0119 \u015bwiat\u0142em mog\u0105 codziennie eksperymentowa\u0107 i odkrywa\u0107 salon na nowo. Pami\u0119tajmy &#8211; wa\u017cne jest sk\u0105d \u015bwiat\u0142o pada czy z do\u0142u czy z g\u00f3ry i jak\u0105 ma barw\u0119. <\/p>\n\n\n\n<p>Maj\u0105c do dyspozycji r\u00f3\u017cne rodzaje o\u015bwietlenia mo\u017cemy w jednym salonie stworzy\u0107 odmienny klimat w r\u00f3\u017cnych jego strefach. \u015awiat\u0142o ma w sobie du\u017co z magii, zmienia kolor tkanin, \u015bcian, zmniejsza i powi\u0119ksza optycznie pomieszczenie, a od jego barwy cz\u0119sto zale\u017cy to jak si\u0119 czujemy.<\/p>\n\n\n\n<p>Przeczytaj nasz artyku\u0142 <a href=\"https:\/\/galeriaszumen.pl\/inspiracje\/lampa-podlogowa-czy-wiszaca-co-wybrac-i-na-co-zwrocic-uwage\/\" target=\"_blank\" rel=\"noreferrer noopener\">lampa pod\u0142ogowa czy wisz\u0105ca \u2013 co wybra\u0107 i na co zwr\u00f3ci\u0107 uwag\u0119?<\/a><\/p>\n\n\n\n<h3><span class=\"ez-toc-section\" id=\"Oswietlenie_salonu_z_jadalnia\"><\/span>O\u015bwietlenie salonu z jadalni\u0105<span class=\"ez-toc-section-end\"><\/span><\/h3>\n\n\n\n<p>Salon to miejsce gdzie pr\u00f3cz strefy wypoczynku cz\u0119sto mamy r\u00f3wnie\u017c stref\u0119 jadalnian\u0105. Je\u017celi w pokoju dziennym planujesz ustawi\u0107 st\u00f3\u0142 z krzes\u0142ami, warto pomy\u015ble\u0107 o odpowiednim jego o\u015bwietleniu. To przecie\u017c tu b\u0119dziemy spo\u017cywa\u0107 posi\u0142ki, a czasami nawet gra\u0107 w ulubione gry rodzinne. Jakie wi\u0119c o\u015bwietlenie wybra\u0107, aby stworzy\u0107 przyjemn\u0105 atmosfer\u0119? Wszystko b\u0119dzie uzale\u017cnione od tego gdzie postawimy st\u00f3\u0142 i jak b\u0119dzie on wielki.<\/p>\n\n\n\n<p>Je\u017celi st\u00f3\u0142 b\u0119dzie niedu\u017cych rozmiar\u00f3w i ustawimy go bezpo\u015brednio przy \u015bcianie, warto w tej sytuacji postawi\u0107 na kinkiet lub wisz\u0105c\u0105 lamp\u0119 ze skromnym aba\u017curem. Oczywi\u015bcie o\u015bwietlenie musi pozosta\u0107 dopasowane stylistyka do pozosta\u0142ych \u017ar\u00f3de\u0142 \u015bwiat\u0142a. <strong><a href=\"https:\/\/galeriaszumen.pl\/13-lampy-wiszace\" target=\"_blank\" rel=\"noreferrer noopener\">Lampa wisz\u0105ca<\/a> powinna by\u0107 na odpowiedniej wysoko\u015bci nad blatem, jest to od 50 do 80 cm.<\/strong> Ma dobrze o\u015bwietli\u0107 st\u00f3\u0142 i nie przeszkadza\u0107 w spo\u017cywaniu czy nak\u0142adaniu posi\u0142ku. Przy nieco wi\u0119kszych prostok\u0105tnych sto\u0142ach, wolnostoj\u0105cych idealnie sprawdzi si\u0119 o\u015bwietlenie sufitowe. Mo\u017ce to by\u0107 komplet trzech lamp wisz\u0105cych lub lamp na listwie z mo\u017cliwo\u015bci\u0105 ustawienia \u017ar\u00f3d\u0142a \u015bwiat\u0142a.<\/p>\n\n\n\n<h3><span class=\"ez-toc-section\" id=\"Jakie_oswietlenie_salonu_z_aneksem_kuchennym\"><\/span>Jakie o\u015bwietlenie salonu z aneksem kuchennym<span class=\"ez-toc-section-end\"><\/span><\/h3>\n\n\n\n<p>Takie po\u0142\u0105czenie to ju\u017c nie tylko dom, ale r\u00f3wnie\u017c mieszkania w bloku, dlatego warto \u201epochyli\u0107 si\u0119\u201d nad o\u015bwietleniem tej strefy. Za pomoc\u0105 r\u00f3\u017cnych \u017ar\u00f3de\u0142 \u015bwiat\u0142a sprytnie mo\u017cemy ukry\u0107 kuchni\u0119, kt\u00f3ra nie zawsze powinna by\u0107 na widoku. O\u015bwietlenie sufitowe powinno by\u0107 zaprojektowane w spos\u00f3b oddzielaj\u0105cy te dwie strefy. Kiedy zapragniemy ukry\u0107 nasz\u0105 kuchni\u0119 wystarczy zgasi\u0107 \u015bwiat\u0142o w jej obszarze, wtedy staje si\u0119 niewidoczna z naszego salonu. Cz\u0119st\u0105 granic\u0105 mi\u0119dzy aneksem kuchennym a salonem, staje si\u0119 p\u00f3\u0142wyspa, przy kt\u00f3rej ustawiamy zazwyczaj hokery. Rzu\u0107my na ni\u0105 \u015bwiat\u0142o. Najlepiej b\u0119d\u0105 prezentowa\u0107 si\u0119 d\u0142ugie lampy wisz\u0105ce, ilo\u015b\u0107 sztuk uzale\u017cniona od d\u0142ugo\u015bci wyspy. Dzi\u0119ki takiemu o\u015bwietleniu strefa ta b\u0119dzie wygl\u0105da\u0107 pi\u0119knie i funkcjonalnie.<\/p>\n\n\n\n<h2><span class=\"ez-toc-section\" id=\"Oswietlenie_salonu_a_styl_panujacy_we_wnetrzu_%E2%80%93_jak_dobrac\"><\/span>O\u015bwietlenie salonu a styl panuj\u0105cy we wn\u0119trzu \u2013 jak dobra\u0107<span class=\"ez-toc-section-end\"><\/span><\/h2>\n\n\n\n<p>Wiemy ju\u017c, \u017ce o\u015bwietlenie salonu musi by\u0107 praktyczne, ale nie tylko. Estetyka jest r\u00f3wnie istotna, dlatego o\u015bwietlenie powinno by\u0107 sp\u00f3jne ze stylem jaki panuje w naszym salonie.<\/p>\n\n\n\n<ul><li><strong>Styl klasyczny<\/strong> to eleganckie \u017cyrandole w z\u0142otym lub srebrnym kolorze z prostymi form\u0105 kloszami w jasnych barwach. O\u015bwietlenie sufitowe powinno by\u0107 kolorystycznie sp\u00f3jne z lampami stoj\u0105cymi i kinkietami. W sytuacji, kiedy korzystamy z wielu \u017ar\u00f3de\u0142 \u015bwiat\u0142a najlepiej wybiera\u0107 modele z jednej kolekcji, zdecydowanie u\u0142atwi nam to spraw\u0119 i skr\u00f3ci ewentualny czas doboru poszczeg\u00f3lnych element\u00f3w.<\/li><\/ul>\n\n\n\n<ul><li><strong>Styl industrialny<\/strong> to troszk\u0119 surowe wn\u0119trze, dlatego tu idealnie sprawdz\u0105 si\u0119 lampy w formie \u017car\u00f3wek zawieszonych na d\u0142ugich sznurach. Najlepiej prezentuj\u0105 si\u0119 w kolorze czarnym. Mo\u017ce to by\u0107 jedna lampa lub kilka \u201eartystycznie\u201d popl\u0105tanych ze sob\u0105. Po\u0142\u0105czone z lampami pod\u0142ogowymi, wspartymi na tr\u00f3jnogu, przypominaj\u0105cymi lampy fabryczne, nadadz\u0105 wn\u0119trzu niepowtarzalnego klimatu.<\/li><\/ul>\n\n\n\n<ul><li><strong>Styl skandynawski<\/strong> to jasne barwy i drewno i tak te\u017c b\u0119dzie z o\u015bwietleniem. Postaw na lamp\u0119 z bia\u0142ym aba\u017curem z dodatkiem drewna, uzupe\u0142nij lampami pod\u0142ogowymi w pastelowych kolorach koniecznie z drewnian\u0105 podstaw\u0105.<\/li><\/ul>\n\n\n\n<ul><li><strong>Styl nowoczesny<\/strong> to geometryczne lampy sufitowe najlepiej w bia\u0142ym lub czarnym kolorze, cho\u0107 idealnie sprawdz\u0105 si\u0119 r\u00f3wnie\u017c lampy druciane z oryginaln\u0105 \u017car\u00f3wk\u0105.<\/li><\/ul>\n\n\n\n<ul><li><strong>Styl glamour<\/strong> to blask. Kryszta\u0142owe \u017cyrandole, kt\u00f3re pi\u0119knie odbijaj\u0105 \u015bwiat\u0142o wiod\u0105 tu prym. Uzupe\u0142nieniem przestrzeni w tym stylu b\u0119d\u0105 lampy ze srebrnym kloszem lub finezyjne kinkiety z kryszta\u0142k\u00f3w.<\/li><\/ul>\n\n\n\n<h2><span class=\"ez-toc-section\" id=\"Oswietlenie_salonu_jako_element_dekoracji\"><\/span>O\u015bwietlenie salonu jako element dekoracji<span class=\"ez-toc-section-end\"><\/span><\/h2>\n\n\n\n<p><strong><a href=\"https:\/\/galeriaszumen.pl\/12-oswietlenie\" target=\"_blank\" rel=\"noreferrer noopener\">Lampy sufitowe<\/a><\/strong>, pod\u0142ogowe czy sto\u0142owe to nie wszystkie \u017ar\u00f3d\u0142a \u015bwiat\u0142a, kt\u00f3re mo\u017cemy zastosowa\u0107 w salonie. Istnieje jeszcze kilka, dzi\u0119ki kt\u00f3rym salon stanie si\u0119 przytulny. Nie zapominajmy o ta\u015bmach Led, kt\u00f3re umieszczone za telewizorem lub za szklan\u0105 p\u00f3\u0142k\u0105 bardzo nowocze\u015bnie i nietuzinkowo roz\u015bwietl\u0105 pomieszczenie. Bardzo mi\u0142\u0105 i przytuln\u0105 atmosfer\u0119 uzyskamy dzi\u0119ki dodatkowemu o\u015bwietleniu jakim s\u0105 \u015bwiece. Mo\u017ce nie daj\u0105 du\u017co \u015bwiat\u0142a ale gwarantuj\u0105 nastrojowy wiecz\u00f3r.<\/p>\n","protected":false},"excerpt":{"rendered":"<p>O\u015bwietlenie salonu to bardzo wa\u017cna kwestia, poniewa\u017c to w\u0142a\u015bnie w salonie sp\u0119dzamy bardzo du\u017co czasu. Pe\u0142ni on bardzo r\u00f3\u017cne funkcje w naszym \u017cyciu, od spotka\u0144 znajomych, \u201eplacu\u201d zabaw naszych pociech, do miejsca gdzie chcemy si\u0119 zrelaksowa\u0107 i odpocz\u0105\u0107 po ca\u0142ym dniu pracy. Jakie o\u015bwietlenie do salonu wybra\u0107, aby m\u00f3c w pe\u0142ni korzysta\u0107 z tego miejsca? [&hellip;]<\/p>\n","protected":false},"author":1,"featured_media":203,"comment_status":"closed","ping_status":"open","sticky":false,"template":"","format":"standard","meta":[],"categories":[12,1],"tags":[],"yoast_head":"<!-- This site is optimized with the Yoast SEO plugin v19.13 - https:\/\/yoast.com\/wordpress\/plugins\/seo\/ -->\n<title>Jakie o\u015bwietlenie do salonu? - Galeria Szumen Podpowiada<\/title>\n<meta name=\"description\" content=\"Jakie o\u015bwietlenie do salonu to bardzo wa\u017cna kwestia, poniewa\u017c to w\u0142a\u015bnie w salonie sp\u0119dzamy bardzo du\u017co czasu. Sprawd\u017a propozycje.\" \/>\n<meta name=\"robots\" content=\"index, follow, max-snippet:-1, max-image-preview:large, max-video-preview:-1\" \/>\n<link rel=\"canonical\" href=\"https:\/\/galeriaszumen.pl\/inspiracje\/jakie-oswietlenie-do-salonu\/\" \/>\n<meta property=\"og:locale\" content=\"pl_PL\" \/>\n<meta property=\"og:type\" content=\"article\" \/>\n<meta property=\"og:title\" content=\"Jakie o\u015bwietlenie do salonu? - Galeria Szumen Podpowiada\" \/>\n<meta property=\"og:description\" content=\"Jakie o\u015bwietlenie do salonu to bardzo wa\u017cna kwestia, poniewa\u017c to w\u0142a\u015bnie w salonie sp\u0119dzamy bardzo du\u017co czasu. Sprawd\u017a propozycje.\" \/>\n<meta property=\"og:url\" content=\"https:\/\/galeriaszumen.pl\/inspiracje\/jakie-oswietlenie-do-salonu\/\" \/>\n<meta property=\"og:site_name\" content=\"Galeria Szumen\" \/>\n<meta property=\"article:published_time\" content=\"2020-11-13T13:51:44+00:00\" \/>\n<meta property=\"article:modified_time\" content=\"2021-01-27T11:12:43+00:00\" \/>\n<meta property=\"og:image\" content=\"https:\/\/galeriaszumen.pl\/inspiracje\/wp-content\/uploads\/2020\/11\/jakie-oswietlenie-do-salonu.jpg\" \/>\n\t<meta property=\"og:image:width\" content=\"1967\" \/>\n\t<meta property=\"og:image:height\" content=\"1187\" \/>\n\t<meta property=\"og:image:type\" content=\"image\/jpeg\" \/>\n<meta name=\"author\" content=\"Szumen\" \/>\n<meta name=\"twitter:card\" content=\"summary_large_image\" \/>\n<meta name=\"twitter:label1\" content=\"Napisane przez\" \/>\n\t<meta name=\"twitter:data1\" content=\"Szumen\" \/>\n\t<meta name=\"twitter:label2\" content=\"Szacowany czas czytania\" \/>\n\t<meta name=\"twitter:data2\" content=\"8 minut\" \/>\n<script type=\"application\/ld+json\" class=\"yoast-schema-graph\">{\"@context\":\"https:\/\/schema.org\",\"@graph\":[{\"@type\":\"WebPage\",\"@id\":\"https:\/\/galeriaszumen.pl\/inspiracje\/jakie-oswietlenie-do-salonu\/\",\"url\":\"https:\/\/galeriaszumen.pl\/inspiracje\/jakie-oswietlenie-do-salonu\/\",\"name\":\"Jakie o\u015bwietlenie do salonu? - Galeria Szumen Podpowiada\",\"isPartOf\":{\"@id\":\"https:\/\/galeriaszumen.pl\/inspiracje\/#website\"},\"datePublished\":\"2020-11-13T13:51:44+00:00\",\"dateModified\":\"2021-01-27T11:12:43+00:00\",\"author\":{\"@id\":\"https:\/\/galeriaszumen.pl\/inspiracje\/#\/schema\/person\/a8076ce74773fc3e41f5984cd4465e14\"},\"description\":\"Jakie o\u015bwietlenie do salonu to bardzo wa\u017cna kwestia, poniewa\u017c to w\u0142a\u015bnie w salonie sp\u0119dzamy bardzo du\u017co czasu. Sprawd\u017a propozycje.\",\"breadcrumb\":{\"@id\":\"https:\/\/galeriaszumen.pl\/inspiracje\/jakie-oswietlenie-do-salonu\/#breadcrumb\"},\"inLanguage\":\"pl-PL\",\"potentialAction\":[{\"@type\":\"ReadAction\",\"target\":[\"https:\/\/galeriaszumen.pl\/inspiracje\/jakie-oswietlenie-do-salonu\/\"]}]},{\"@type\":\"BreadcrumbList\",\"@id\":\"https:\/\/galeriaszumen.pl\/inspiracje\/jakie-oswietlenie-do-salonu\/#breadcrumb\",\"itemListElement\":[{\"@type\":\"ListItem\",\"position\":1,\"name\":\"Strona g\u0142\u00f3wna\",\"item\":\"https:\/\/galeriaszumen.pl\/inspiracje\/\"},{\"@type\":\"ListItem\",\"position\":2,\"name\":\"Jakie o\u015bwietlenie do salonu?\"}]},{\"@type\":\"WebSite\",\"@id\":\"https:\/\/galeriaszumen.pl\/inspiracje\/#website\",\"url\":\"https:\/\/galeriaszumen.pl\/inspiracje\/\",\"name\":\"Galeria Szumen\",\"description\":\"Kolejna witryna oparta na WordPressie\",\"potentialAction\":[{\"@type\":\"SearchAction\",\"target\":{\"@type\":\"EntryPoint\",\"urlTemplate\":\"https:\/\/galeriaszumen.pl\/inspiracje\/?s={search_term_string}\"},\"query-input\":\"required name=search_term_string\"}],\"inLanguage\":\"pl-PL\"},{\"@type\":\"Person\",\"@id\":\"https:\/\/galeriaszumen.pl\/inspiracje\/#\/schema\/person\/a8076ce74773fc3e41f5984cd4465e14\",\"name\":\"Szumen\",\"image\":{\"@type\":\"ImageObject\",\"inLanguage\":\"pl-PL\",\"@id\":\"https:\/\/galeriaszumen.pl\/inspiracje\/#\/schema\/person\/image\/\",\"url\":\"https:\/\/secure.gravatar.com\/avatar\/c2b102fe2161741c69255d6c1e392823?s=96&d=mm&r=g\",\"contentUrl\":\"https:\/\/secure.gravatar.com\/avatar\/c2b102fe2161741c69255d6c1e392823?s=96&d=mm&r=g\",\"caption\":\"Szumen\"},\"sameAs\":[\"https:\/\/galeriaszumen.pl\/inspiracje\"]}]}<\/script>\n<!-- \/ Yoast SEO plugin. -->","yoast_head_json":{"title":"Jakie o\u015bwietlenie do salonu? - Galeria Szumen Podpowiada","description":"Jakie o\u015bwietlenie do salonu to bardzo wa\u017cna kwestia, poniewa\u017c to w\u0142a\u015bnie w salonie sp\u0119dzamy bardzo du\u017co czasu. Sprawd\u017a propozycje.","robots":{"index":"index","follow":"follow","max-snippet":"max-snippet:-1","max-image-preview":"max-image-preview:large","max-video-preview":"max-video-preview:-1"},"canonical":"https:\/\/galeriaszumen.pl\/inspiracje\/jakie-oswietlenie-do-salonu\/","og_locale":"pl_PL","og_type":"article","og_title":"Jakie o\u015bwietlenie do salonu? - Galeria Szumen Podpowiada","og_description":"Jakie o\u015bwietlenie do salonu to bardzo wa\u017cna kwestia, poniewa\u017c to w\u0142a\u015bnie w salonie sp\u0119dzamy bardzo du\u017co czasu. Sprawd\u017a propozycje.","og_url":"https:\/\/galeriaszumen.pl\/inspiracje\/jakie-oswietlenie-do-salonu\/","og_site_name":"Galeria Szumen","article_published_time":"2020-11-13T13:51:44+00:00","article_modified_time":"2021-01-27T11:12:43+00:00","og_image":[{"width":1967,"height":1187,"url":"https:\/\/galeriaszumen.pl\/inspiracje\/wp-content\/uploads\/2020\/11\/jakie-oswietlenie-do-salonu.jpg","type":"image\/jpeg"}],"author":"Szumen","twitter_card":"summary_large_image","twitter_misc":{"Napisane przez":"Szumen","Szacowany czas czytania":"8 minut"},"schema":{"@context":"https:\/\/schema.org","@graph":[{"@type":"WebPage","@id":"https:\/\/galeriaszumen.pl\/inspiracje\/jakie-oswietlenie-do-salonu\/","url":"https:\/\/galeriaszumen.pl\/inspiracje\/jakie-oswietlenie-do-salonu\/","name":"Jakie o\u015bwietlenie do salonu? - Galeria Szumen Podpowiada","isPartOf":{"@id":"https:\/\/galeriaszumen.pl\/inspiracje\/#website"},"datePublished":"2020-11-13T13:51:44+00:00","dateModified":"2021-01-27T11:12:43+00:00","author":{"@id":"https:\/\/galeriaszumen.pl\/inspiracje\/#\/schema\/person\/a8076ce74773fc3e41f5984cd4465e14"},"description":"Jakie o\u015bwietlenie do salonu to bardzo wa\u017cna kwestia, poniewa\u017c to w\u0142a\u015bnie w salonie sp\u0119dzamy bardzo du\u017co czasu. Sprawd\u017a propozycje.","breadcrumb":{"@id":"https:\/\/galeriaszumen.pl\/inspiracje\/jakie-oswietlenie-do-salonu\/#breadcrumb"},"inLanguage":"pl-PL","potentialAction":[{"@type":"ReadAction","target":["https:\/\/galeriaszumen.pl\/inspiracje\/jakie-oswietlenie-do-salonu\/"]}]},{"@type":"BreadcrumbList","@id":"https:\/\/galeriaszumen.pl\/inspiracje\/jakie-oswietlenie-do-salonu\/#breadcrumb","itemListElement":[{"@type":"ListItem","position":1,"name":"Strona g\u0142\u00f3wna","item":"https:\/\/galeriaszumen.pl\/inspiracje\/"},{"@type":"ListItem","position":2,"name":"Jakie o\u015bwietlenie do salonu?"}]},{"@type":"WebSite","@id":"https:\/\/galeriaszumen.pl\/inspiracje\/#website","url":"https:\/\/galeriaszumen.pl\/inspiracje\/","name":"Galeria Szumen","description":"Kolejna witryna oparta na WordPressie","potentialAction":[{"@type":"SearchAction","target":{"@type":"EntryPoint","urlTemplate":"https:\/\/galeriaszumen.pl\/inspiracje\/?s={search_term_string}"},"query-input":"required name=search_term_string"}],"inLanguage":"pl-PL"},{"@type":"Person","@id":"https:\/\/galeriaszumen.pl\/inspiracje\/#\/schema\/person\/a8076ce74773fc3e41f5984cd4465e14","name":"Szumen","image":{"@type":"ImageObject","inLanguage":"pl-PL","@id":"https:\/\/galeriaszumen.pl\/inspiracje\/#\/schema\/person\/image\/","url":"https:\/\/secure.gravatar.com\/avatar\/c2b102fe2161741c69255d6c1e392823?s=96&d=mm&r=g","contentUrl":"https:\/\/secure.gravatar.com\/avatar\/c2b102fe2161741c69255d6c1e392823?s=96&d=mm&r=g","caption":"Szumen"},"sameAs":["https:\/\/galeriaszumen.pl\/inspiracje"]}]}},"_links":{"self":[{"href":"https:\/\/galeriaszumen.pl\/inspiracje\/wp-json\/wp\/v2\/posts\/202"}],"collection":[{"href":"https:\/\/galeriaszumen.pl\/inspiracje\/wp-json\/wp\/v2\/posts"}],"about":[{"href":"https:\/\/galeriaszumen.pl\/inspiracje\/wp-json\/wp\/v2\/types\/post"}],"author":[{"embeddable":true,"href":"https:\/\/galeriaszumen.pl\/inspiracje\/wp-json\/wp\/v2\/users\/1"}],"replies":[{"embeddable":true,"href":"https:\/\/galeriaszumen.pl\/inspiracje\/wp-json\/wp\/v2\/comments?post=202"}],"version-history":[{"count":2,"href":"https:\/\/galeriaszumen.pl\/inspiracje\/wp-json\/wp\/v2\/posts\/202\/revisions"}],"predecessor-version":[{"id":238,"href":"https:\/\/galeriaszumen.pl\/inspiracje\/wp-json\/wp\/v2\/posts\/202\/revisions\/238"}],"wp:featuredmedia":[{"embeddable":true,"href":"https:\/\/galeriaszumen.pl\/inspiracje\/wp-json\/wp\/v2\/media\/203"}],"wp:attachment":[{"href":"https:\/\/galeriaszumen.pl\/inspiracje\/wp-json\/wp\/v2\/media?parent=202"}],"wp:term":[{"taxonomy":"category","embeddable":true,"href":"https:\/\/galeriaszumen.pl\/inspiracje\/wp-json\/wp\/v2\/categories?post=202"},{"taxonomy":"post_tag","embeddable":true,"href":"https:\/\/galeriaszumen.pl\/inspiracje\/wp-json\/wp\/v2\/tags?post=202"}],"curies":[{"name":"wp","href":"https:\/\/api.w.org\/{rel}","templated":true}]}}